{"id":17147,"date":"2024-09-12T01:08:53","date_gmt":"2024-09-12T04:08:53","guid":{"rendered":"https:\/\/entreriosbasquet.com\/site\/?p=17147"},"modified":"2024-09-14T01:11:07","modified_gmt":"2024-09-14T04:11:07","slug":"losada-convocada-a-un-nuevo-campus-de-desarrollo-cab-u15","status":"publish","type":"post","link":"https:\/\/entreriosbasquet.com\/site\/2024\/09\/12\/losada-convocada-a-un-nuevo-campus-de-desarrollo-cab-u15\/","title":{"rendered":"Losada convocada a un nuevo Campus de Desarrollo CAB U15"},"content":{"rendered":"<article id=\"post-9967\" class=\"post-9967 post type-post status-publish format-standard has-post-thumbnail hentry category-destacadas category-entrerriano-en-la-seleccion\">\n<div class=\"entry-content\">\n<p style=\"text-align: justify;\">A partir del lunes 16 y hasta el 24 de septiembre, el CeNARD volver\u00e1 a abrir sus puertas para recibir al Campus de Desarrollo U15 Femenino de cara a la competici\u00f3n internacional para la categor\u00eda. En el plantel estar\u00e1 la entrerriana\u00a0<strong>Florencia Losada\u00a0<\/strong>(Tom\u00e1s de Rocamora).<\/p>\n<p style=\"text-align: justify;\">Ser\u00e1 la tercera concentraci\u00f3n para el grupo antes de la Preselecci\u00f3n para el Sudamericano.<\/p>\n<p style=\"text-align: justify;\">Para esta nueva convocatoria en Buenos Aires, el cuerpo t\u00e9cnico diagram\u00f3 un listado de 18 jugadoras entre las camadas 2009 y 2010. En relaci\u00f3n a la citaci\u00f3n previa, ocho juveniles conservan su presencia y dos repiten de la concentraci\u00f3n inaugural en enero. Con ocho regiones de juego representadas, el proyecto apunta a federalizar el deporte femenino desde edades tempranas.<\/p>\n<p style=\"text-align: justify;\">El staff profesional de CAB se conforma por Daiana Di Benedetto como entrenadora principal, mientras que Mauro Polla y Carolina Schiavone ser\u00e1n sus asistentes. Lautaro Garces ser\u00e1 el preparador f\u00edsico, Luciano Salgueiro como utilero, en tanto que Mariano Marcos (Coordinador de formativas) estar\u00e1 a cargo de la concentraci\u00f3n y planificaci\u00f3n de las actividades.<\/p>\n<p style=\"text-align: justify;\">Las chicas se preparan para participar del Sudamericano U15, certamen previsto para el 4 al 10 de noviembre en la ciudad de Barquisimeto (Venezuela). La \u00faltima edici\u00f3n fue sobre el cierre de 2022 y con la Selecci\u00f3n Nacional coron\u00e1ndose campe\u00f3n en Santiago de Chile. El evento entregar\u00e1 tres plazas para la AmeriCup U16 del a\u00f1o pr\u00f3ximo.<\/p>\n<p style=\"text-align: justify;\"><strong>CAMPUS DE DESARROLLO U15 FEMENINO<\/strong><br \/>\nAmparo Postigo L\u00f3pez | 2009 | Basket Fasano (Italia)<br \/>\nMelina Milardovich | 2010 | Centenario de Venado Tuerto<br \/>\nLupe Dinsmann Vinciguerra | 2010 | Talleres R.P.B<br \/>\n<strong>Florencia Losada | 2010 | Rocamora<\/strong><br \/>\nSofia Massa | 2009 | Obras Sanitarias<br \/>\nRenata Canepa | 2009 | Obras Sanitarias<br \/>\nMaitena Ochoa | 2009 | Sunderland<br \/>\nIsabella Roldan | 2009 | Atl\u00e9tico 9 de Julio<br \/>\nCelina Novatti | 2009 | Urquiza<br \/>\nMaia Grittini | 2009 | Independiente de Neuqu\u00e9n<br \/>\nLuc\u00eda Stenta | 2009 | Talleres R.P.B<br \/>\nFrancisca Canello Novelli | 2009 | Obras Sanitarias<br \/>\nKiara Miro Morra | 2009 | Sportivo Bol\u00edvar<br \/>\nIn\u00e9s Pillotti | 2009 | Uni\u00f3n de R\u00edo Colorado<br \/>\nLourdes Castro Ibarra | 2009 | Club San Mart\u00edn de Jun\u00edn<br \/>\nClara Espindola | 2009 | Ameghino<br \/>\nSof\u00eda Rosso | 2009 | Libertad de Sunchales<br \/>\nEmilia Ch\u00e1vez Claris | 2009 | Deportivo Perfora<\/p>\n<p style=\"text-align: justify;\"><strong>STAFF<\/strong><br \/>\nEntrenadora: Daiana Di Benedetto<br \/>\nAsistente: Mauro Polla<br \/>\nAsistente: Carolina Schiavone<br \/>\nPreparador F\u00edsico: Lautaro Garces<br \/>\nUtilero: Luciano Salgueiro<br \/>\nCoordinador de Formativas: Mariano Marcos<\/p>\n<\/div>\n<\/article>\n<nav class=\"navigation post-navigation\" aria-label=\"Entradas\">\n<h2 class=\"screen-reader-text\">Navegaci\u00f3n de entradas<\/h2>\n<div class=\"nav-links\"><\/div>\n<\/nav>\n","protected":false},"excerpt":{"rendered":"<p>A partir del lunes 16 y hasta el 24 de septiembre, el CeNARD volver\u00e1 a abrir sus puertas para recibir al Campus de Desarrollo U15 Femenino de cara a la competici\u00f3n internacional para la categor\u00eda. En el plantel estar\u00e1 la entrerriana\u00a0Florencia Losada\u00a0(Tom\u00e1s de Rocamora). Ser\u00e1 la tercera concentraci\u00f3n para el grupo antes de la Preselecci\u00f3n [&hellip;]<\/p>\n","protected":false},"author":1,"featured_media":17148,"comment_status":"closed","ping_status":"open","sticky":false,"template":"","format":"standard","meta":[],"categories":[21],"tags":[],"_links":{"self":[{"href":"https:\/\/entreriosbasquet.com\/site\/wp-json\/wp\/v2\/posts\/17147"}],"collection":[{"href":"https:\/\/entreriosbasquet.com\/site\/wp-json\/wp\/v2\/posts"}],"about":[{"href":"https:\/\/entreriosbasquet.com\/site\/wp-json\/wp\/v2\/types\/post"}],"author":[{"embeddable":true,"href":"https:\/\/entreriosbasquet.com\/site\/wp-json\/wp\/v2\/users\/1"}],"replies":[{"embeddable":true,"href":"https:\/\/entreriosbasquet.com\/site\/wp-json\/wp\/v2\/comments?post=17147"}],"version-history":[{"count":1,"href":"https:\/\/entreriosbasquet.com\/site\/wp-json\/wp\/v2\/posts\/17147\/revisions"}],"predecessor-version":[{"id":17149,"href":"https:\/\/entreriosbasquet.com\/site\/wp-json\/wp\/v2\/posts\/17147\/revisions\/17149"}],"wp:featuredmedia":[{"embeddable":true,"href":"https:\/\/entreriosbasquet.com\/site\/wp-json\/wp\/v2\/media\/17148"}],"wp:attachment":[{"href":"https:\/\/entreriosbasquet.com\/site\/wp-json\/wp\/v2\/media?parent=17147"}],"wp:term":[{"taxonomy":"category","embeddable":true,"href":"https:\/\/entreriosbasquet.com\/site\/wp-json\/wp\/v2\/categories?post=17147"},{"taxonomy":"post_tag","embeddable":true,"href":"https:\/\/entreriosbasquet.com\/site\/wp-json\/wp\/v2\/tags?post=17147"}],"curies":[{"name":"wp","href":"https:\/\/api.w.org\/{rel}","templated":true}]}}