{"id":17138,"date":"2024-09-10T11:02:44","date_gmt":"2024-09-10T14:02:44","guid":{"rendered":"https:\/\/entreriosbasquet.com\/site\/?p=17138"},"modified":"2024-09-14T01:04:28","modified_gmt":"2024-09-14T04:04:28","slug":"la-union-de-colon-puso-su-pretemporada-en-marcha","status":"publish","type":"post","link":"https:\/\/entreriosbasquet.com\/site\/2024\/09\/10\/la-union-de-colon-puso-su-pretemporada-en-marcha\/","title":{"rendered":"La Uni\u00f3n de Col\u00f3n puso su pretemporada en marcha"},"content":{"rendered":"<p style=\"text-align: justify;\">El conjunto dirigido por Mart\u00edn Guastavino comenz\u00f3 con la puesta a punto de cara a la Liga Argentina 24\/25. Playa, cancha y las calles colonenses son los destinos elegidos por el cuerpo t\u00e9cnico para ponerle color al trabajo f\u00edsico.<\/p>\n<p style=\"text-align: justify;\">Carlos Massera est\u00e1 a cargo de la preparaci\u00f3n f\u00edsica del equipo, y cuenta en su planificaci\u00f3n con destinos y trabajos variados para la temporada que se aproxima. El pasado lunes dieron inicio con el equipo completo en dos turnos de entrenamiento.<\/p>\n<p style=\"text-align: justify;\">Por la ma\u00f1ana los trabajos est\u00e1n destinados la mayor parte del tiempo al plano f\u00edsico, mientras que a la noche se los puede ver trabajando en cancha bajo las \u00f3rdenes de Guastavino y Grattarola.<\/p>\n<p style=\"text-align: justify;\">Los martes y jueves por la ma\u00f1ana han sido destinados para realizar acciones en las playas y calles de la ciudad, aprovechando la arena y cuestas que se ubican en los sectores de playa y costanera. En el club tambi\u00e9n hacen uso del gimnasio para luego pasar a la cancha donde realizan jugadas, ejercicios defensivos y ofensivos.<\/p>\n<p style=\"text-align: justify;\">Se aguarda por el debut del equipo para el lunes 14 de octubre, aunque seguro habr\u00e1 alg\u00fan juego amistoso previamente para pulir detalles desde el juego.<\/p>\n","protected":false},"excerpt":{"rendered":"<p>El conjunto dirigido por Mart\u00edn Guastavino comenz\u00f3 con la puesta a punto de cara a la Liga Argentina 24\/25. Playa, cancha y las calles colonenses son los destinos elegidos por el cuerpo t\u00e9cnico para ponerle color al trabajo f\u00edsico. Carlos Massera est\u00e1 a cargo de la preparaci\u00f3n f\u00edsica del equipo, y cuenta en su planificaci\u00f3n [&hellip;]<\/p>\n","protected":false},"author":1,"featured_media":17139,"comment_status":"closed","ping_status":"open","sticky":false,"template":"","format":"standard","meta":[],"categories":[11],"tags":[],"_links":{"self":[{"href":"https:\/\/entreriosbasquet.com\/site\/wp-json\/wp\/v2\/posts\/17138"}],"collection":[{"href":"https:\/\/entreriosbasquet.com\/site\/wp-json\/wp\/v2\/posts"}],"about":[{"href":"https:\/\/entreriosbasquet.com\/site\/wp-json\/wp\/v2\/types\/post"}],"author":[{"embeddable":true,"href":"https:\/\/entreriosbasquet.com\/site\/wp-json\/wp\/v2\/users\/1"}],"replies":[{"embeddable":true,"href":"https:\/\/entreriosbasquet.com\/site\/wp-json\/wp\/v2\/comments?post=17138"}],"version-history":[{"count":1,"href":"https:\/\/entreriosbasquet.com\/site\/wp-json\/wp\/v2\/posts\/17138\/revisions"}],"predecessor-version":[{"id":17140,"href":"https:\/\/entreriosbasquet.com\/site\/wp-json\/wp\/v2\/posts\/17138\/revisions\/17140"}],"wp:featuredmedia":[{"embeddable":true,"href":"https:\/\/entreriosbasquet.com\/site\/wp-json\/wp\/v2\/media\/17139"}],"wp:attachment":[{"href":"https:\/\/entreriosbasquet.com\/site\/wp-json\/wp\/v2\/media?parent=17138"}],"wp:term":[{"taxonomy":"category","embeddable":true,"href":"https:\/\/entreriosbasquet.com\/site\/wp-json\/wp\/v2\/categories?post=17138"},{"taxonomy":"post_tag","embeddable":true,"href":"https:\/\/entreriosbasquet.com\/site\/wp-json\/wp\/v2\/tags?post=17138"}],"curies":[{"name":"wp","href":"https:\/\/api.w.org\/{rel}","templated":true}]}}