{"id":17038,"date":"2024-08-07T10:44:01","date_gmt":"2024-08-07T13:44:01","guid":{"rendered":"https:\/\/entreriosbasquet.com\/site\/?p=17038"},"modified":"2024-08-11T10:46:07","modified_gmt":"2024-08-11T13:46:07","slug":"agustin-richard-vuelve-a-rocamora","status":"publish","type":"post","link":"https:\/\/entreriosbasquet.com\/site\/2024\/08\/07\/agustin-richard-vuelve-a-rocamora\/","title":{"rendered":"Agust\u00edn Richard vuelve a Rocamora"},"content":{"rendered":"<p style=\"text-align: justify;\"><span lang=\"ES-AR\">En el d\u00eda de su cumplea\u00f1os n\u00famero 34, Agust\u00edn Richard se dio un auto regalo y acord\u00f3 su incorporaci\u00f3n a Tom\u00e1s de Rocamora para disputar la Liga Argentina de B\u00e1squetbol 2024-25. El base jug\u00f3 dos temporadas en la categor\u00eda con la camiseta del Rojo m\u00e1s otra en aqu\u00e9l equipo que logr\u00f3 el ascenso al TNA en mayo de 2011.<\/span><\/p>\n<p style=\"text-align: justify;\"><span lang=\"ES-AR\">Hace algunos a\u00f1os se gan\u00f3 el apodo de El Se\u00f1or de los Ascensos, porque no solo consigui\u00f3 el logro con Rocamora antes mencionado sino que tambi\u00e9n lo hizo con las camisetas de La Uni\u00f3n de Col\u00f3n y Parque Sur. Con la del equipo del Puerto Viejo, asimismo, tambi\u00e9n logr\u00f3 un ascenso al entonces Torneo Federal.<\/span><\/p>\n<p style=\"text-align: justify;\"><span lang=\"ES-AR\">\u201cLa posibilidad se dio gracias a Mart\u00edn Franzolini y Cristian Dom\u00ednguez con quienes estuvimos varios d\u00edas hablando del tema. Fue una decisi\u00f3n s\u00faper dif\u00edcil en la cual hab\u00eda que poner muchas cosas sobre la mesa. Ellos me escucharon, conocieron los tiempos que yo pod\u00eda dedicar y estuvieron siempre abiertos. Gracias a Dios llegamos a un acuerdo que nos sirve a ambos, en lo personal quer\u00eda cerrar una etapa, lo charl\u00e9 con mi novia y la verdad que estoy muy contento de poder jugar hasta diciembre\u201d, cont\u00f3 entusiasmado.<\/span><\/p>\n<p style=\"text-align: justify;\"><span lang=\"ES-AR\">El base de 1.76 de altura integrar\u00e1 un equipo nuevo y al respecto coment\u00f3 que \u201ceste desaf\u00edo ser\u00e1 uno de los m\u00e1s dif\u00edciles, s\u00e9 que tiene un fin porque arregl\u00e9 hasta fin de a\u00f1o y all\u00ed es muy factible que deje el b\u00e1squet profesional; por eso las expectativas son gigantescas, quiero disfrutar el m\u00e1ximo que pueda dentro de una cancha y tratar de aportar lo mucho o poco que he aprendido en mis temporadas como jugador\u201d.<\/span><\/p>\n<p style=\"text-align: justify;\"><span lang=\"ES-AR\">Agust\u00edn repartir\u00e1 sus tiempos con el trabajo, tal como a\u00f1os antes lo hizo con el estudio. \u201cEs algo que ya charl\u00e9 con los dirigentes, por un tema econ\u00f3mico necesito seguir trabajando pero estar\u00e9 con una responsabilidad al 100%, como siempre la tuve. Ser\u00e1 una combinaci\u00f3n de ambas cosas porque mi ingreso fuerte no lo puedo dejar\u201d, explic\u00f3.<\/span><\/p>\n<p style=\"text-align: justify;\"><span lang=\"ES-AR\">En los \u00faltimos a\u00f1os Richard estuvo defendiendo los colores de Zaninetti en el Prefederal y se mostr\u00f3 muy agradecido a dicha instituci\u00f3n por esa posibilidad. \u201cLa verdad que no esperaba tener otra oportunidad en la categor\u00eda, la \u00faltima hab\u00eda sido en Parque Sur \u2013temporada 19\/20-, como dije ten\u00eda un trabajo de ocho horas diarias y no hab\u00eda tiempo para entrenar doble turno o viajar. Por eso decid\u00ed seguir trabajando en vez de jugar\u201d, manifest\u00f3 despu\u00e9s.<\/span><\/p>\n<p style=\"text-align: justify;\"><span lang=\"ES-AR\">Y agreg\u00f3: \u201cNo s\u00e9 si alinearon los planetas o qu\u00e9, pero teniendo en cuenta que ya estaba pensando en retirarme fue muy lindo que me den esta oportunidad y me hayan tenido en cuenta. En lo personal, despu\u00e9s de tantos a\u00f1os compitiendo, creo que merec\u00eda terminar mi carrera dentro de una cancha. Me pone muy contento el pensar que podr\u00e9 acostarme y decir que me pude retirar en una cancha para despu\u00e9s seguir con una vida paralela al deporte\u201d.<\/span><\/p>\n<p style=\"text-align: justify;\"><span lang=\"ES-AR\">En esta categor\u00eda, Richard jug\u00f3 para Rocamora las temporadas 2012-13 y 2013-14. En la primera promedi\u00f3 2.1 puntos y 1.2 asistencias en 23 partidos mientras que en la segunda jug\u00f3 en 29 encuentros con un promedio de 2.3 puntos y 1.3 asistencias. Sumando las campa\u00f1as que jug\u00f3 para Parque Sur el base redonde\u00f3 casi 250 partidos en la categor\u00eda. En su \u00faltima temporada, la 2019-20 que se suspendi\u00f3 por el Covid-19, promedi\u00f3 7.6 puntos, 3.7 rebotes y 4.2 asistencias en 29 presentaciones.<\/span><\/p>\n","protected":false},"excerpt":{"rendered":"<p>En el d\u00eda de su cumplea\u00f1os n\u00famero 34, Agust\u00edn Richard se dio un auto regalo y acord\u00f3 su incorporaci\u00f3n a Tom\u00e1s de Rocamora para disputar la Liga Argentina de B\u00e1squetbol 2024-25. El base jug\u00f3 dos temporadas en la categor\u00eda con la camiseta del Rojo m\u00e1s otra en aqu\u00e9l equipo que logr\u00f3 el ascenso al TNA [&hellip;]<\/p>\n","protected":false},"author":1,"featured_media":17039,"comment_status":"closed","ping_status":"open","sticky":false,"template":"","format":"standard","meta":[],"categories":[11],"tags":[],"_links":{"self":[{"href":"https:\/\/entreriosbasquet.com\/site\/wp-json\/wp\/v2\/posts\/17038"}],"collection":[{"href":"https:\/\/entreriosbasquet.com\/site\/wp-json\/wp\/v2\/posts"}],"about":[{"href":"https:\/\/entreriosbasquet.com\/site\/wp-json\/wp\/v2\/types\/post"}],"author":[{"embeddable":true,"href":"https:\/\/entreriosbasquet.com\/site\/wp-json\/wp\/v2\/users\/1"}],"replies":[{"embeddable":true,"href":"https:\/\/entreriosbasquet.com\/site\/wp-json\/wp\/v2\/comments?post=17038"}],"version-history":[{"count":1,"href":"https:\/\/entreriosbasquet.com\/site\/wp-json\/wp\/v2\/posts\/17038\/revisions"}],"predecessor-version":[{"id":17040,"href":"https:\/\/entreriosbasquet.com\/site\/wp-json\/wp\/v2\/posts\/17038\/revisions\/17040"}],"wp:featuredmedia":[{"embeddable":true,"href":"https:\/\/entreriosbasquet.com\/site\/wp-json\/wp\/v2\/media\/17039"}],"wp:attachment":[{"href":"https:\/\/entreriosbasquet.com\/site\/wp-json\/wp\/v2\/media?parent=17038"}],"wp:term":[{"taxonomy":"category","embeddable":true,"href":"https:\/\/entreriosbasquet.com\/site\/wp-json\/wp\/v2\/categories?post=17038"},{"taxonomy":"post_tag","embeddable":true,"href":"https:\/\/entreriosbasquet.com\/site\/wp-json\/wp\/v2\/tags?post=17038"}],"curies":[{"name":"wp","href":"https:\/\/api.w.org\/{rel}","templated":true}]}}