{"id":17027,"date":"2024-08-03T08:28:55","date_gmt":"2024-08-03T11:28:55","guid":{"rendered":"https:\/\/entreriosbasquet.com\/site\/?p=17027"},"modified":"2024-08-04T00:31:50","modified_gmt":"2024-08-04T03:31:50","slug":"cristian-dominguez-sera-el-dt-de-rocamora","status":"publish","type":"post","link":"https:\/\/entreriosbasquet.com\/site\/2024\/08\/03\/cristian-dominguez-sera-el-dt-de-rocamora\/","title":{"rendered":"Cristian Dom\u00ednguez ser\u00e1 el DT de Rocamora"},"content":{"rendered":"<p style=\"text-align: justify;\">Tom\u00e1s de Rocamora contin\u00faa dando pasos para el armado de su estructura de cara a La Liga Argentina de B\u00e1squetbol 2024-25 y en la jornada de este mi\u00e9rcoles se confirm\u00f3 que Cristian Dom\u00ednguez ser\u00e1 el Entrenador en Jefe del equipo.<\/p>\n<p class=\"v1gmail-MsoNoSpacing\" style=\"text-align: justify;\"><span lang=\"ES-AR\">El coach tuvo pasos como asistente de Cristian Santander y Juan Manuel Varas en la categor\u00eda, adem\u00e1s de haber dirigido otras categor\u00edas masculinas con muy buenos resultados. Un conocido de la casa y que est\u00e1 empapado de lo que es esta categor\u00eda conducir\u00e1 de aqu\u00ed en m\u00e1s los destinos del equipo. Cristian Dom\u00ednguez acept\u00f3 este lindo desaf\u00edo y no ocult\u00f3 su satisfacci\u00f3n por la propuesta que le hicieron y que posibilit\u00f3 su retorno a la instituci\u00f3n.<\/span><\/p>\n<p class=\"v1gmail-MsoNoSpacing\" style=\"text-align: justify;\">\u00abLa posibilidad de volver se da tras un llamado del Director Deportivo Mart\u00edn Franzolini coment\u00e1ndome c\u00f3mo fue que se arm\u00f3 una Comisi\u00f3n nueva para la categor\u00eda y con las ganas que ellos ten\u00edan de sumarme tras lo que hab\u00eda sido mi paso por el club. Para m\u00ed es una alegr\u00eda enorme, estoy m\u00e1s que feliz de volver a un lugar donde me trataron muy bien. Me siento muy contento por esta oportunidad y es un lindo desaf\u00edo que me brindan\u00bb, comenz\u00f3 diciendo.<\/p>\n<p class=\"v1gmail-MsoNoSpacing\" style=\"text-align: justify;\">Respecto de lo conversado con Mart\u00edn Franzolini y la Comisi\u00f3n inform\u00f3 que \u00ablo que m\u00e1s me pidieron en la reuni\u00f3n que tuvimos fue darle rodaje y una continuidad a los chicos del club que ya han tenido participaci\u00f3n en entrenamientos y minutos en cancha; la idea es continuar d\u00e1ndoles m\u00e1s tiempo y poder armar un equipo en el que los chicos tengan minutos en cancha\u00bb.<\/p>\n<p class=\"v1gmail-MsoNoSpacing\" style=\"text-align: justify;\">\u00abPor supuesto que, en funci\u00f3n de eso, trataremos de lograr el equipo m\u00e1s competitivo que podamos para poder llevar adelante esta Liga Argentina. Que los jugadores puedan crecer durante este proceso\u00bb, agreg\u00f3.<\/p>\n<p class=\"v1gmail-MsoNoSpacing\" style=\"text-align: justify;\">Respecto del resto del cuerpo t\u00e9cnico Dom\u00ednguez coment\u00f3 que \u00abpor ahora no hay otros nombres, s\u00ed voy a estar rodeado de la gente del club como Noberto Santini, Leonardo Dom\u00ednguez, Lali Gonz\u00e1lez y Sabrina Sc\u00e9vola que son quienes ya est\u00e1n trabajando y estar\u00e1n dentro de la estructura\u00bb.<\/p>\n<p class=\"v1gmail-MsoNoSpacing\" style=\"text-align: justify;\">En un \u00faltimo punto se refiri\u00f3 a un horizonte a seguir en esta campa\u00f1a. \u00abEl objetivo principal es poder armar el equipo m\u00e1s competitivo que podamos e ir creciendo con la competencia\u00bb, afirm\u00f3.<\/p>\n<p class=\"v1gmail-MsoNoSpacing\" style=\"text-align: justify;\">Dom\u00ednguez, de 40 a\u00f1os, lleg\u00f3 a Rocamora por primera vez en 2016 y estuvo hasta el a\u00f1o 2019. Ni bien arrib\u00f3, se desempe\u00f1\u00f3 como segundo asistente de Cristian Santander, en 2017 cumpli\u00f3 igual funci\u00f3n con Juan Manuel Varas y en 2018 estuvo a cargo de la preparaci\u00f3n f\u00edsica del equipo. Con Varas, adem\u00e1s, fue asistente en una exitosa camada U19 que lleg\u00f3 a los primeros planos a nivel provincial y nacional.<\/p>\n<p class=\"v1gmail-MsoNoSpacing\" style=\"text-align: justify;\">Como entrenador en categor\u00edas Intermedias Dom\u00ednguez fue Campe\u00f3n Provincial U17 llegando despu\u00e9s a Cuartos Final a nivel Nacional. Con la U13 Masculina, tambi\u00e9n, logr\u00f3 el Subcampeonato Provincial y Semifinales Nacionales en 2017 mientras que en 2018, con la que ya fue un equipo U14, logr\u00f3 un tercer puesto en un certamen internacional disputado en Espa\u00f1a.<\/p>\n","protected":false},"excerpt":{"rendered":"<p>Tom\u00e1s de Rocamora contin\u00faa dando pasos para el armado de su estructura de cara a La Liga Argentina de B\u00e1squetbol 2024-25 y en la jornada de este mi\u00e9rcoles se confirm\u00f3 que Cristian Dom\u00ednguez ser\u00e1 el Entrenador en Jefe del equipo. El coach tuvo pasos como asistente de Cristian Santander y Juan Manuel Varas en la [&hellip;]<\/p>\n","protected":false},"author":1,"featured_media":17028,"comment_status":"closed","ping_status":"open","sticky":false,"template":"","format":"standard","meta":[],"categories":[11],"tags":[],"_links":{"self":[{"href":"https:\/\/entreriosbasquet.com\/site\/wp-json\/wp\/v2\/posts\/17027"}],"collection":[{"href":"https:\/\/entreriosbasquet.com\/site\/wp-json\/wp\/v2\/posts"}],"about":[{"href":"https:\/\/entreriosbasquet.com\/site\/wp-json\/wp\/v2\/types\/post"}],"author":[{"embeddable":true,"href":"https:\/\/entreriosbasquet.com\/site\/wp-json\/wp\/v2\/users\/1"}],"replies":[{"embeddable":true,"href":"https:\/\/entreriosbasquet.com\/site\/wp-json\/wp\/v2\/comments?post=17027"}],"version-history":[{"count":1,"href":"https:\/\/entreriosbasquet.com\/site\/wp-json\/wp\/v2\/posts\/17027\/revisions"}],"predecessor-version":[{"id":17029,"href":"https:\/\/entreriosbasquet.com\/site\/wp-json\/wp\/v2\/posts\/17027\/revisions\/17029"}],"wp:featuredmedia":[{"embeddable":true,"href":"https:\/\/entreriosbasquet.com\/site\/wp-json\/wp\/v2\/media\/17028"}],"wp:attachment":[{"href":"https:\/\/entreriosbasquet.com\/site\/wp-json\/wp\/v2\/media?parent=17027"}],"wp:term":[{"taxonomy":"category","embeddable":true,"href":"https:\/\/entreriosbasquet.com\/site\/wp-json\/wp\/v2\/categories?post=17027"},{"taxonomy":"post_tag","embeddable":true,"href":"https:\/\/entreriosbasquet.com\/site\/wp-json\/wp\/v2\/tags?post=17027"}],"curies":[{"name":"wp","href":"https:\/\/api.w.org\/{rel}","templated":true}]}}