{"id":17020,"date":"2024-08-03T23:59:56","date_gmt":"2024-08-04T02:59:56","guid":{"rendered":"https:\/\/entreriosbasquet.com\/site\/?p=17020"},"modified":"2024-08-03T23:59:56","modified_gmt":"2024-08-04T02:59:56","slug":"la-liga-provincial-40-anos-en-marcha","status":"publish","type":"post","link":"https:\/\/entreriosbasquet.com\/site\/2024\/08\/03\/la-liga-provincial-40-anos-en-marcha\/","title":{"rendered":"La Liga Provincial \u00ab40 A\u00f1os\u00bb en marcha"},"content":{"rendered":"\r\n\r\nLa Liga Provincial Masculina de Mayores \u00ab40 a\u00f1os\u00bb, organizada por la Federaci\u00f3n de B\u00e1squetbol de Entre R\u00edos, dio inicio a su temporada 2024 con una jornada inicial de grandes emociones. Se disputaron seis encuentros el viernes, donde se evidenci\u00f3 un buen nivel de juego y estadios colmados de hinchas.\r\n\r\n \r\n\r\nEn la Zona 1, el comienzo estuvo marcado por dos victorias visitantes. Progreso de Santa Elena logr\u00f3 imponerse sobre Estudiantes en Paran\u00e1, mientras que Ciclista hizo lo propio a Urquiza en Santa Elena. Adem\u00e1s, Recreativo mostr\u00f3 su poder\u00edo al vencer con claridad a Independiente en la capital entrerriana.\r\n\r\n \r\n\r\nEn tanto, la Zona 4 fue escenario de triunfos locales. Atl\u00e9tico Tala, Central Entrerriano y BH de Gualeguay se alzaron con la victoria, asegurando un comienzo positivo en el torneo.\r\n\r\n \r\n\r\nLa acci\u00f3n continuar\u00e1 este domingo con siete encuentros programados para las Zonas 1, 2 y 3, prometiendo m\u00e1s emoci\u00f3n en este certamen que celebra cuatro d\u00e9cadas de historia en el b\u00e1squetbol entrerriano.\r\n\r\n \r\n\r\n<strong>RESULTADOS<\/strong>\r\n\r\n \r\n<p class=\"wp-elements-64d68bc397c428b52d5afb71b0574e70 has-vivid-red-color has-text-color has-link-color\"><strong>ZONA 1<\/strong><\/p>\r\n \r\n\r\n<strong>Urquiza 69 \u2013 Ciclista 78<\/strong>\r\n\r\n \r\n\r\nMarcos Revello (CUSE): 19 puntos y 8 rebotes.\r\n\r\n \r\n\r\nFranco Gonz\u00e1lez (CCP): 18 tantos y 16 tableros.\r\n\r\n \r\n\r\n<strong>Recreativo 78 \u2013 Independiente 54<\/strong>\r\n\r\n \r\n\r\nAlan Guanco (RBC): 23 unidades.\r\n\r\n \r\n\r\nLeandro Coliguante (IFC): 16 puntos y 4 rebotes.\r\n\r\n \r\n\r\n<strong>CAE 63 \u2013 Progreso 77<\/strong>\r\n\r\n \r\n\r\nConrado Zapata (CAE): 16 unidades.\r\n\r\n \r\n\r\nEric Freeman (PSD): 20 puntos y 11 recobres.\r\n\r\n \r\n<p class=\"wp-elements-9764ab8b94d2a946a1d2d4e7cb54e276 has-vivid-red-color has-text-color has-link-color\"><strong>ZONA 4<\/strong><\/p>\r\n \r\n\r\n<strong>Central Entrerriano 73 \u2013 Bancario 57<\/strong>\r\n\r\n \r\n\r\nMauricio Pane (CCE): 20 puntos y 6 rebotes.\r\n\r\n \r\n\r\nIgnacio Zapata (CBG): 19 tantos y 9 rebotes.\r\n\r\n \r\n\r\n<strong>BH 73 \u2013 Neptunia 71<\/strong>\r\n\r\n \r\n\r\nJulian Fedele (BH): 24 puntos y 7 rebotes.\r\n\r\n \r\n\r\nLuca Santino (Nep): 20 unidades y 12 tableros.\r\n\r\n \r\n\r\n<strong>Atl\u00e9tico Tala 78 \u2013 Juventud Unida 70<\/strong>\r\n\r\n \r\n\r\nGast\u00f3n Fenoglio (CART): 20 puntos y 4 asistencias.\r\n\r\n \r\n\r\nManuel Lado (JU): 20 tantos y 12 rebotes.\r\n\r\n \r\n<p class=\"wp-elements-6ce3f7b52c772810f2c8ffd97844a05c has-black-color has-text-color has-link-color\"><strong>DOMINGO 04\/08<\/strong><\/p>\r\n \r\n<p class=\"wp-elements-3498359adca58ff4973ac1503998a12d has-black-color has-text-color has-link-color\"><strong><em>Uni\u00f3n de Crespo \u2013 Paracao (Zona 1)<\/em><\/strong><\/p>\r\n \r\n<p class=\"wp-elements-08e2727b8158321ede310389cbf4aa2d has-black-color has-text-color has-link-color\">\u00c1rbitros: Mendoza J \u2013 C\u00e1ceres M \u2013 CT. Soto J.<\/p>\r\n \r\n<p class=\"wp-elements-78696ba5400e5809a5e465b4790fbb3f has-black-color has-text-color has-link-color\"><strong><em>Sportivo S. S. \u2013 Ferrocarril Cdia (Zona 2)<\/em><\/strong><\/p>\r\n \r\n<p class=\"wp-elements-96f1c8432561301ab6d0cf71ee390a8e has-black-color has-text-color has-link-color\">\u00c1rbitros: Bar\u00f3n R \u2013 Moreno F \u2013 CT. Lorenzo G.<\/p>\r\n \r\n<p class=\"wp-elements-397a2c070c0f3ceec28606acc68081f2 has-black-color has-text-color has-link-color\"><strong><em>Estudiantes Cdia \u2013 Ferrocarril S. S.<\/em><\/strong> <strong><em> (Zona 2)<\/em><\/strong><\/p>\r\n \r\n<p class=\"wp-elements-2bb411ac3eeedae7304e3a8cce02de49 has-black-color has-text-color has-link-color\">\u00c1rbitros: Sartori N \u2013 Ratto F \u2013 CT. Boujon O.<\/p>\r\n \r\n<p class=\"wp-elements-a7a00c1db2c840c4c3a59a0ee883229c has-black-color has-text-color has-link-color\"><strong><em>V\u00e9lez Sarsfield \u2013 S. Federaci\u00f3n<\/em><\/strong> <strong><em> (Zona 2)<\/em><\/strong><\/p>\r\n \r\n<p class=\"wp-elements-e04a8a42115a02768f4a285736eb2567 has-black-color has-text-color has-link-color\">\u00c1rbitros: Ar\u00e9valo E \u2013 Brilla V \u2013 CT. Boujon J.<\/p>\r\n \r\n<p class=\"wp-elements-20ed64aef231ce8871a8f78c6c5f9456 has-black-color has-text-color has-link-color\"><strong><em>Regatas \u2013 P. Villaguay<\/em><\/strong> <strong><em> (Zona 3)<\/em><\/strong><\/p>\r\n \r\n<p class=\"wp-elements-db6515e672725af89a050ded5c6c55e0 has-black-color has-text-color has-link-color\">\u00c1rbitros: Ortiz D \u2013 Luques J \u2013 CT Dellagiovanna E.<\/p>\r\n \r\n<p class=\"wp-elements-46f8e3dc55170bca94593c2184573379 has-black-color has-text-color has-link-color\"><strong><em>Hurac\u00e1n \u2013 Luciano<\/em><\/strong> <strong><em> (Zona 3)<\/em><\/strong><\/p>\r\n \r\n<p class=\"wp-elements-76d8e3818fe8c7fd91dc9c104ea8686d has-black-color has-text-color has-link-color\">\u00c1rbitros: Romero A \u2013 Tesoro M \u2013 CT. Arellano C.<\/p>\r\n \r\n<p class=\"wp-elements-d4191108de4fea486e6f034420c49369 has-black-color has-text-color has-link-color\"><strong><em>San Jos\u00e9 \u2013 Zaninetti<\/em><\/strong> <strong><em> (Zona 3)<\/em><\/strong><\/p>\r\n \r\n<p class=\"wp-elements-df357fb43a7a55854a258d64a0743a75 has-black-color has-text-color has-link-color\">\u00c1rbitros: C\u00e1ceres C \u2013 Cuello L \u2013 CT. Colman M.<\/p>\r\n","protected":false},"excerpt":{"rendered":"<p>La Liga Provincial Masculina de Mayores \u00ab40 a\u00f1os\u00bb, organizada por la Federaci\u00f3n de B\u00e1squetbol de Entre R\u00edos, dio inicio a su temporada 2024 con una jornada inicial de grandes emociones. Se disputaron seis encuentros el viernes, donde se evidenci\u00f3 un buen nivel de juego y estadios colmados de hinchas. En la Zona 1, el comienzo [&hellip;]<\/p>\n","protected":false},"author":1,"featured_media":17021,"comment_status":"closed","ping_status":"open","sticky":false,"template":"","format":"standard","meta":[],"categories":[17],"tags":[],"_links":{"self":[{"href":"https:\/\/entreriosbasquet.com\/site\/wp-json\/wp\/v2\/posts\/17020"}],"collection":[{"href":"https:\/\/entreriosbasquet.com\/site\/wp-json\/wp\/v2\/posts"}],"about":[{"href":"https:\/\/entreriosbasquet.com\/site\/wp-json\/wp\/v2\/types\/post"}],"author":[{"embeddable":true,"href":"https:\/\/entreriosbasquet.com\/site\/wp-json\/wp\/v2\/users\/1"}],"replies":[{"embeddable":true,"href":"https:\/\/entreriosbasquet.com\/site\/wp-json\/wp\/v2\/comments?post=17020"}],"version-history":[{"count":1,"href":"https:\/\/entreriosbasquet.com\/site\/wp-json\/wp\/v2\/posts\/17020\/revisions"}],"predecessor-version":[{"id":17022,"href":"https:\/\/entreriosbasquet.com\/site\/wp-json\/wp\/v2\/posts\/17020\/revisions\/17022"}],"wp:featuredmedia":[{"embeddable":true,"href":"https:\/\/entreriosbasquet.com\/site\/wp-json\/wp\/v2\/media\/17021"}],"wp:attachment":[{"href":"https:\/\/entreriosbasquet.com\/site\/wp-json\/wp\/v2\/media?parent=17020"}],"wp:term":[{"taxonomy":"category","embeddable":true,"href":"https:\/\/entreriosbasquet.com\/site\/wp-json\/wp\/v2\/categories?post=17020"},{"taxonomy":"post_tag","embeddable":true,"href":"https:\/\/entreriosbasquet.com\/site\/wp-json\/wp\/v2\/tags?post=17020"}],"curies":[{"name":"wp","href":"https:\/\/api.w.org\/{rel}","templated":true}]}}