{"id":17007,"date":"2024-07-29T18:34:44","date_gmt":"2024-07-29T21:34:44","guid":{"rendered":"https:\/\/entreriosbasquet.com\/site\/?p=17007"},"modified":"2024-07-29T18:34:44","modified_gmt":"2024-07-29T21:34:44","slug":"mateo-diaz-ficho-con-el-gipuzkoa-basket","status":"publish","type":"post","link":"https:\/\/entreriosbasquet.com\/site\/2024\/07\/29\/mateo-diaz-ficho-con-el-gipuzkoa-basket\/","title":{"rendered":"Mateo D\u00edaz fich\u00f3 con el Gipuzkoa Basket"},"content":{"rendered":"<p style=\"text-align: justify;\">Mateo D\u00edaz, quien ha representado a Entre R\u00edos en diferentes Campeonatos Argentinos de Formativas y Mayores, volver\u00e1 a jugar en la segunda categor\u00eda del b\u00e1squet espa\u00f1ol: Lleg\u00f3 a un acuerdo con el Gipuzkoa Basket para la pr\u00f3xima temporada.<\/p>\n<p style=\"text-align: justify;\">El nacido en el a\u00f1o 2002, es un jugador que, a pesar de su juventud, cuenta ya con cuatro temporadas a sus espaldas en la Primera FEB. La pasada campa\u00f1a jug\u00f3 en Fuenlabrada y promedi\u00f3 8,4 puntos; 4 rebotes; y 2 asistencias por partido.<\/p>\n<p style=\"text-align: justify;\">Hace dos temporadas en Almansa cuaj\u00f3 su mejor a\u00f1o con 10 puntos; 3 rebotes; y 3 asistencias. D\u00edaz viene de jugar durante el verano en Toros del Valle proclam\u00e1ndose subcampe\u00f3n de la liga colombiana y siendo el referente del equipo.<\/p>\n<p>Mateo es la novena pieza de la plantilla junto a Manex Ansorregi, Aitor Zubizarreta, Ander Mart\u00ednez, Mads St\u00fcrup y Josip Vrankic que contin\u00faan de la temporada pasada y los fichajes de Javier Nicolau, Isaac Mayo, Jakub Mokr\u00e1\u0148 y el propio Mateo D\u00edaz. En las pr\u00f3ximos semanas se conocer\u00e1n los \u00faltimos los nombres que conformar\u00e1n la plantilla del equipo para la pr\u00f3xima temporada<\/p>\n","protected":false},"excerpt":{"rendered":"<p>Mateo D\u00edaz, quien ha representado a Entre R\u00edos en diferentes Campeonatos Argentinos de Formativas y Mayores, volver\u00e1 a jugar en la segunda categor\u00eda del b\u00e1squet espa\u00f1ol: Lleg\u00f3 a un acuerdo con el Gipuzkoa Basket para la pr\u00f3xima temporada. El nacido en el a\u00f1o 2002, es un jugador que, a pesar de su juventud, cuenta ya [&hellip;]<\/p>\n","protected":false},"author":1,"featured_media":17008,"comment_status":"closed","ping_status":"open","sticky":false,"template":"","format":"standard","meta":[],"categories":[20],"tags":[135],"_links":{"self":[{"href":"https:\/\/entreriosbasquet.com\/site\/wp-json\/wp\/v2\/posts\/17007"}],"collection":[{"href":"https:\/\/entreriosbasquet.com\/site\/wp-json\/wp\/v2\/posts"}],"about":[{"href":"https:\/\/entreriosbasquet.com\/site\/wp-json\/wp\/v2\/types\/post"}],"author":[{"embeddable":true,"href":"https:\/\/entreriosbasquet.com\/site\/wp-json\/wp\/v2\/users\/1"}],"replies":[{"embeddable":true,"href":"https:\/\/entreriosbasquet.com\/site\/wp-json\/wp\/v2\/comments?post=17007"}],"version-history":[{"count":1,"href":"https:\/\/entreriosbasquet.com\/site\/wp-json\/wp\/v2\/posts\/17007\/revisions"}],"predecessor-version":[{"id":17009,"href":"https:\/\/entreriosbasquet.com\/site\/wp-json\/wp\/v2\/posts\/17007\/revisions\/17009"}],"wp:featuredmedia":[{"embeddable":true,"href":"https:\/\/entreriosbasquet.com\/site\/wp-json\/wp\/v2\/media\/17008"}],"wp:attachment":[{"href":"https:\/\/entreriosbasquet.com\/site\/wp-json\/wp\/v2\/media?parent=17007"}],"wp:term":[{"taxonomy":"category","embeddable":true,"href":"https:\/\/entreriosbasquet.com\/site\/wp-json\/wp\/v2\/categories?post=17007"},{"taxonomy":"post_tag","embeddable":true,"href":"https:\/\/entreriosbasquet.com\/site\/wp-json\/wp\/v2\/tags?post=17007"}],"curies":[{"name":"wp","href":"https:\/\/api.w.org\/{rel}","templated":true}]}}