{"id":16992,"date":"2024-07-26T22:39:35","date_gmt":"2024-07-27T01:39:35","guid":{"rendered":"https:\/\/entreriosbasquet.com\/site\/?p=16992"},"modified":"2024-07-26T22:39:35","modified_gmt":"2024-07-27T01:39:35","slug":"martin-franzolini-sera-el-director-deportivo-de-rocamora","status":"publish","type":"post","link":"https:\/\/entreriosbasquet.com\/site\/2024\/07\/26\/martin-franzolini-sera-el-director-deportivo-de-rocamora\/","title":{"rendered":"Mart\u00edn Franzolini ser\u00e1 el Director Deportivo de Rocamora"},"content":{"rendered":"<p style=\"text-align: justify;\"><span lang=\"ES-AR\">Confirmada la participaci\u00f3n de Tom\u00e1s de Rocamora en la Liga Argentina de B\u00e1squetbol 2024-25, se conoci\u00f3 que el ex jugador Mart\u00edn Franzolini se sum\u00f3 para ser el Director Deportivo del equipo y aportar desde ese lugar toda su experiencia. Formado en la instituci\u00f3n y totalmente identificado con los colores del Rojo, ser\u00e1 la cara visible de un grupo de trabajo que se conform\u00f3 para encarar este nuevo desaf\u00edo.<\/span><\/p>\n<p style=\"text-align: justify;\"><span lang=\"ES-AR\">Consultado sobre c\u00f3mo se dio esta posibilidad de sumarse en un momento delicado tras haber perdido la categor\u00eda en la temporada pasada, respondi\u00f3: \u201cSe dio porque m\u00e1s all\u00e1 de que siempre estoy conectado con el club, de una u otra forma, esta vez fue por invitaci\u00f3n de amigos que est\u00e1n directamente metidos en el club; en la dirigencia, otros en las comisiones. Entre amigos y ex compa\u00f1eros de equipo se decidi\u00f3 participar desde dentro de una Comisi\u00f3n, donde estaremos en el armado y funcionamiento del equipo de primera.<\/span><\/p>\n<p style=\"text-align: justify;\"><span lang=\"ES-AR\">Franzolini, quien integr\u00f3 aqu\u00e9l equipo dirigido por el Tucumano Mario Gonz\u00e1lez y que consigui\u00f3 el primer ascenso al \u00e1mbito nacional en 2006, explic\u00f3 despu\u00e9s cu\u00e1l ser\u00e1 su funci\u00f3n principal. \u201cSi bien puedo ser la cara en algunas cuestiones de equipo, somos un grupo en cual se toman decisiones, la idea\/funci\u00f3n es que los que est\u00e1n y los que lleguen se sientan c\u00f3modos y sean parte del club\u201d.<\/span><\/p>\n<p style=\"text-align: justify;\"><span lang=\"ES-AR\">\u201cLo que se habl\u00f3, con los que ya est\u00e1n desde hace un tiempo y todos los que nos sumamos, b\u00e1sicamente es tratar de que sea un proyecto a futuro, fortalecer la cantera del club y de chicos que se puedan llegar a incorporar\u201d, se\u00f1al\u00f3 luego en relaci\u00f3n a\u00a0\u00a0lo conversado con la dirigencia de la instituci\u00f3n.<\/span><\/p>\n<p style=\"text-align: justify;\"><span lang=\"ES-AR\">Mart\u00edn form\u00f3 tambi\u00e9n una larga trayectoria como jugador en varios equipos, incluso regres\u00f3 cuando ya Mart\u00edn Amden estaba al frente del equipo en la ex Liga B. \u201cPuede ser m\u00e1s sencillo en un tema de haber sido jugador y conocer algunas cuestiones en las cuales necesitan los jugadores, pero desde el lado que nos toca en estos momentos no es nada sencillo\u201d, manifest\u00f3 a modo de respuesta y tras ser indagado sobre si su rol era un poco m\u00e1s sencillo al haber sido jugador.<\/span><\/p>\n<p style=\"text-align: justify;\"><span lang=\"ES-AR\">Finalmente, Franzolini, de 50 a\u00f1os y quien tambi\u00e9n acompa\u00f1\u00f3 uno de los procesos integrando uno de los cuerpos t\u00e9cnicos de Juan Manuel Varas, se refiri\u00f3 a c\u00f3mo sigui\u00f3 las \u00faltimas campa\u00f1as del equipo en la categor\u00eda. \u201cS\u00ed, siempre estoy siguiendo. Las sensaciones, m\u00e1s all\u00e1 de los resultados deportivos, siempre son las de tratar de sacar lo positivo. Y ahora que me toca ver un poco m\u00e1s desde adentro, creo que para el club en s\u00ed no es negativo, porque veo que hay un grupo de chicos que se vienen formando y tienen un gran futuro\u201d, asegur\u00f3.<\/span><\/p>\n","protected":false},"excerpt":{"rendered":"<p>Confirmada la participaci\u00f3n de Tom\u00e1s de Rocamora en la Liga Argentina de B\u00e1squetbol 2024-25, se conoci\u00f3 que el ex jugador Mart\u00edn Franzolini se sum\u00f3 para ser el Director Deportivo del equipo y aportar desde ese lugar toda su experiencia. Formado en la instituci\u00f3n y totalmente identificado con los colores del Rojo, ser\u00e1 la cara visible [&hellip;]<\/p>\n","protected":false},"author":1,"featured_media":16994,"comment_status":"closed","ping_status":"open","sticky":false,"template":"","format":"standard","meta":[],"categories":[11],"tags":[],"_links":{"self":[{"href":"https:\/\/entreriosbasquet.com\/site\/wp-json\/wp\/v2\/posts\/16992"}],"collection":[{"href":"https:\/\/entreriosbasquet.com\/site\/wp-json\/wp\/v2\/posts"}],"about":[{"href":"https:\/\/entreriosbasquet.com\/site\/wp-json\/wp\/v2\/types\/post"}],"author":[{"embeddable":true,"href":"https:\/\/entreriosbasquet.com\/site\/wp-json\/wp\/v2\/users\/1"}],"replies":[{"embeddable":true,"href":"https:\/\/entreriosbasquet.com\/site\/wp-json\/wp\/v2\/comments?post=16992"}],"version-history":[{"count":1,"href":"https:\/\/entreriosbasquet.com\/site\/wp-json\/wp\/v2\/posts\/16992\/revisions"}],"predecessor-version":[{"id":16995,"href":"https:\/\/entreriosbasquet.com\/site\/wp-json\/wp\/v2\/posts\/16992\/revisions\/16995"}],"wp:featuredmedia":[{"embeddable":true,"href":"https:\/\/entreriosbasquet.com\/site\/wp-json\/wp\/v2\/media\/16994"}],"wp:attachment":[{"href":"https:\/\/entreriosbasquet.com\/site\/wp-json\/wp\/v2\/media?parent=16992"}],"wp:term":[{"taxonomy":"category","embeddable":true,"href":"https:\/\/entreriosbasquet.com\/site\/wp-json\/wp\/v2\/categories?post=16992"},{"taxonomy":"post_tag","embeddable":true,"href":"https:\/\/entreriosbasquet.com\/site\/wp-json\/wp\/v2\/tags?post=16992"}],"curies":[{"name":"wp","href":"https:\/\/api.w.org\/{rel}","templated":true}]}}