{"id":16935,"date":"2024-07-16T00:24:32","date_gmt":"2024-07-16T03:24:32","guid":{"rendered":"https:\/\/entreriosbasquet.com\/site\/?p=16935"},"modified":"2024-07-17T00:27:43","modified_gmt":"2024-07-17T03:27:43","slug":"luis-luciano-comenzo-a-moverse","status":"publish","type":"post","link":"https:\/\/entreriosbasquet.com\/site\/2024\/07\/16\/luis-luciano-comenzo-a-moverse\/","title":{"rendered":"Luis Luciano comenz\u00f3 a moverse"},"content":{"rendered":"<div class=\"x11i5rnm xat24cr x1mh8g0r x1vvkbs xtlvy1s x126k92a\">\n<div dir=\"auto\" style=\"text-align: justify;\">El pasado lunes el equipo de Luis Luciano Urdinarrain se puso en movimiento para esta temporada del Torneo Pre Federal 2024 de b\u00e1squet. Con varios cambios y caras nuevas, el renovado Luciano vuelve al plano provincial, anoche hubo palabras de bienvenida del DT Sebasti\u00e1n Teiletche, luego el ayudante t\u00e9cnico Ignacio Galante, Emiliano Perticari y por \u00faltimo el dirigente Nicol\u00e1s Aizaga.<\/div>\n<div dir=\"auto\" style=\"text-align: justify;\"><\/div>\n<div dir=\"auto\" style=\"text-align: justify;\">Posteriormente el plantel comenz\u00f3 a realizar trabajos f\u00edsicos de la mano del \u00abprofe\u00bb y luego trabajos con pelotas. Hoy en doble turno prosigue la puesta a punto del equipo pensando en los debut del Torneo Asociativo y Pre Federal respectivamente.<\/div>\n<\/div>\n<div class=\"x11i5rnm xat24cr x1mh8g0r x1vvkbs xtlvy1s x126k92a\">\n<div dir=\"auto\"><\/div>\n<div dir=\"auto\">Lista de jugadores para la Liga Provincial de Mayores:<\/div>\n<div dir=\"auto\">1. Brunz, Mikeas<\/div>\n<div dir=\"auto\">2. Garc\u00eda, Lucas<\/div>\n<div dir=\"auto\">3. Nieto, Nicol\u00e1s<\/div>\n<div dir=\"auto\">4. Treise, Mirko<\/div>\n<div dir=\"auto\">5. Cubilla, Mateo<\/div>\n<div dir=\"auto\">6. Lacava, Tom\u00e1s<\/div>\n<div dir=\"auto\">7. Perticari, Emiliano<\/div>\n<div dir=\"auto\">8. Godoy, Sebasti\u00e1n<\/div>\n<div dir=\"auto\">9. Palacios, Juan<\/div>\n<div dir=\"auto\">10. Bautista, Ott<\/div>\n<div dir=\"auto\">11. Acosta, Pedro<\/div>\n<div dir=\"auto\">12. Rivollier, Esteban<\/div>\n<div dir=\"auto\">13. Berardo, Lautaro<\/div>\n<div dir=\"auto\">14. Ecker Vouk, Mateo<\/div>\n<div dir=\"auto\">15. M\u00e1rquez, Efrain<\/div>\n<div dir=\"auto\">16. Sittner, Santiago<\/div>\n<\/div>\n","protected":false},"excerpt":{"rendered":"<p>El pasado lunes el equipo de Luis Luciano Urdinarrain se puso en movimiento para esta temporada del Torneo Pre Federal 2024 de b\u00e1squet. Con varios cambios y caras nuevas, el renovado Luciano vuelve al plano provincial, anoche hubo palabras de bienvenida del DT Sebasti\u00e1n Teiletche, luego el ayudante t\u00e9cnico Ignacio Galante, Emiliano Perticari y por [&hellip;]<\/p>\n","protected":false},"author":1,"featured_media":16936,"comment_status":"closed","ping_status":"open","sticky":false,"template":"","format":"standard","meta":[],"categories":[17],"tags":[],"_links":{"self":[{"href":"https:\/\/entreriosbasquet.com\/site\/wp-json\/wp\/v2\/posts\/16935"}],"collection":[{"href":"https:\/\/entreriosbasquet.com\/site\/wp-json\/wp\/v2\/posts"}],"about":[{"href":"https:\/\/entreriosbasquet.com\/site\/wp-json\/wp\/v2\/types\/post"}],"author":[{"embeddable":true,"href":"https:\/\/entreriosbasquet.com\/site\/wp-json\/wp\/v2\/users\/1"}],"replies":[{"embeddable":true,"href":"https:\/\/entreriosbasquet.com\/site\/wp-json\/wp\/v2\/comments?post=16935"}],"version-history":[{"count":1,"href":"https:\/\/entreriosbasquet.com\/site\/wp-json\/wp\/v2\/posts\/16935\/revisions"}],"predecessor-version":[{"id":16937,"href":"https:\/\/entreriosbasquet.com\/site\/wp-json\/wp\/v2\/posts\/16935\/revisions\/16937"}],"wp:featuredmedia":[{"embeddable":true,"href":"https:\/\/entreriosbasquet.com\/site\/wp-json\/wp\/v2\/media\/16936"}],"wp:attachment":[{"href":"https:\/\/entreriosbasquet.com\/site\/wp-json\/wp\/v2\/media?parent=16935"}],"wp:term":[{"taxonomy":"category","embeddable":true,"href":"https:\/\/entreriosbasquet.com\/site\/wp-json\/wp\/v2\/categories?post=16935"},{"taxonomy":"post_tag","embeddable":true,"href":"https:\/\/entreriosbasquet.com\/site\/wp-json\/wp\/v2\/tags?post=16935"}],"curies":[{"name":"wp","href":"https:\/\/api.w.org\/{rel}","templated":true}]}}