{"id":16860,"date":"2024-06-14T14:56:53","date_gmt":"2024-06-14T17:56:53","guid":{"rendered":"https:\/\/entreriosbasquet.com\/site\/?p=16860"},"modified":"2024-06-14T23:58:41","modified_gmt":"2024-06-15T02:58:41","slug":"inicia-en-la-historica-la-copa-de-oro-u15","status":"publish","type":"post","link":"https:\/\/entreriosbasquet.com\/site\/2024\/06\/14\/inicia-en-la-historica-la-copa-de-oro-u15\/","title":{"rendered":"Inicia en \u00abLa Hist\u00f3rica\u00bb la Copa de Oro U15"},"content":{"rendered":"<p style=\"text-align: justify;\">Este viernes se pone en marcha la definici\u00f3n de la Copa de Oro de la Liga Provincial Femenina de la categor\u00eda U15 en Concepci\u00f3n del Uruguay. El estadio de Puerto Viejo del Club Parque Sur ser\u00e1 el escenario de juego.<\/p>\n<p style=\"text-align: justify;\">Adem\u00e1s del \u201cSure\u00f1o\u201d, jugar\u00e1n por el t\u00edtulo federativo Regatas y Rocamora, ambos de Concepci\u00f3n del Uruguay, y Paracao de Paran\u00e1.<\/p>\n<p style=\"text-align: justify;\">La programaci\u00f3n completa de esta instancia final podr\u00e1 seguirse a trav\u00e9s del streaming en la plataforma de videos de la FBER.<\/p>\n<p class=\"has-vivid-red-color has-text-color has-link-color wp-elements-17fbd63b6ab634a5cda684f506d55924\" style=\"text-align: justify;\"><strong>PROGRAMACI\u00d3N<\/strong><\/p>\n<p class=\"has-vivid-purple-color has-text-color has-link-color wp-elements-968d9d53ed5458f80d2fae47d075dfa8\"><strong>Viernes 14\/06<\/strong><\/p>\n<p><strong><em>18 hs. Parque Sur \u2013 Rocamora\u00a0<\/em><\/strong><\/p>\n<p>Robles M. \u2013 C\u00e1ceres S. \u2013 Laval J. \u2013 CT. Martinez L.<\/p>\n<p><strong><em>20 hs. Regatas \u2013 Paracao<\/em><\/strong><\/p>\n<p>Robles M. \u2013 C\u00e1ceres S. \u2013 Laval J. \u2013 CT. Martinez L.<\/p>\n<p class=\"has-vivid-purple-color has-text-color has-link-color wp-elements-8bd603c8053a61a8aa75a9bd9b9e9663\"><strong>S\u00e1bado 15\/06<\/strong><\/p>\n<p><strong><em>17 hs. Parque Sur \u2013 Regatas<\/em><\/strong><\/p>\n<p>Robles M. \u2013 C\u00e1ceres S. \u2013 Mart\u00ednez J. \u2013 CT. Rojas G.<\/p>\n<p><strong><em>19 hs. Paracao \u2013 Rocamora\u00a0\u00a0<\/em><\/strong><\/p>\n<p>Robles M. \u2013 Perrotta J. \u2013 Laval J. \u2013 CT. Rojas G.<\/p>\n<p class=\"has-vivid-purple-color has-text-color has-link-color wp-elements-f3a143e1eab0a5d0e4c91d5ac878451c\"><strong>Domingo 16\/06<\/strong><\/p>\n<p><strong><em>10 hs. Parque Sur \u2013 Paracao<\/em><\/strong><\/p>\n<p>Robles M. \u2013 C\u00e1ceres S. \u2013 Mart\u00ednez J. \u2013 CT. Dellagiovanna E.<\/p>\n<p><strong><em>12 hs. Rocamora \u2013 Regatas<\/em><\/strong><\/p>\n<p>Robles M. \u2013 Perrotta J. \u2013 Laval J. \u2013 CT. Dellagiovanna E.<\/p>\n","protected":false},"excerpt":{"rendered":"<p>Este viernes se pone en marcha la definici\u00f3n de la Copa de Oro de la Liga Provincial Femenina de la categor\u00eda U15 en Concepci\u00f3n del Uruguay. El estadio de Puerto Viejo del Club Parque Sur ser\u00e1 el escenario de juego. Adem\u00e1s del \u201cSure\u00f1o\u201d, jugar\u00e1n por el t\u00edtulo federativo Regatas y Rocamora, ambos de Concepci\u00f3n del [&hellip;]<\/p>\n","protected":false},"author":1,"featured_media":16861,"comment_status":"closed","ping_status":"open","sticky":false,"template":"","format":"standard","meta":[],"categories":[21],"tags":[],"_links":{"self":[{"href":"https:\/\/entreriosbasquet.com\/site\/wp-json\/wp\/v2\/posts\/16860"}],"collection":[{"href":"https:\/\/entreriosbasquet.com\/site\/wp-json\/wp\/v2\/posts"}],"about":[{"href":"https:\/\/entreriosbasquet.com\/site\/wp-json\/wp\/v2\/types\/post"}],"author":[{"embeddable":true,"href":"https:\/\/entreriosbasquet.com\/site\/wp-json\/wp\/v2\/users\/1"}],"replies":[{"embeddable":true,"href":"https:\/\/entreriosbasquet.com\/site\/wp-json\/wp\/v2\/comments?post=16860"}],"version-history":[{"count":1,"href":"https:\/\/entreriosbasquet.com\/site\/wp-json\/wp\/v2\/posts\/16860\/revisions"}],"predecessor-version":[{"id":16862,"href":"https:\/\/entreriosbasquet.com\/site\/wp-json\/wp\/v2\/posts\/16860\/revisions\/16862"}],"wp:featuredmedia":[{"embeddable":true,"href":"https:\/\/entreriosbasquet.com\/site\/wp-json\/wp\/v2\/media\/16861"}],"wp:attachment":[{"href":"https:\/\/entreriosbasquet.com\/site\/wp-json\/wp\/v2\/media?parent=16860"}],"wp:term":[{"taxonomy":"category","embeddable":true,"href":"https:\/\/entreriosbasquet.com\/site\/wp-json\/wp\/v2\/categories?post=16860"},{"taxonomy":"post_tag","embeddable":true,"href":"https:\/\/entreriosbasquet.com\/site\/wp-json\/wp\/v2\/tags?post=16860"}],"curies":[{"name":"wp","href":"https:\/\/api.w.org\/{rel}","templated":true}]}}