{"id":16842,"date":"2024-06-05T17:53:55","date_gmt":"2024-06-05T20:53:55","guid":{"rendered":"https:\/\/entreriosbasquet.com\/site\/?p=16842"},"modified":"2024-06-05T17:53:55","modified_gmt":"2024-06-05T20:53:55","slug":"con-isabella-boullon-entrena-la-preseleccion-nacional-u18","status":"publish","type":"post","link":"https:\/\/entreriosbasquet.com\/site\/2024\/06\/05\/con-isabella-boullon-entrena-la-preseleccion-nacional-u18\/","title":{"rendered":"Con Isabella Boull\u00f3n, entrena la Preselecci\u00f3n Nacional U18"},"content":{"rendered":"<p style=\"text-align: justify;\">Una nueva ilusi\u00f3n en marcha para las categor\u00edas formativas femeninas. Desde este domingo, la U18 comenz\u00f3 con los entrenamientos en el CeNARD con vista a la AmeriCup de Bucaramanga (colombia), certamen que se desarrollar\u00e1 del 17 al 23 de junio y que entregar\u00e1 cuatro plazas a la Copa del Mundo U19 del pr\u00f3ximo a\u00f1o.<\/p>\n<p>Para esta concentraci\u00f3n, el cuerpo t\u00e9cnico encabezado por Mauricio Sant\u00e1ngelo dispuso de una lista conformada por 17 jugadoras, entre ellas la entrerriana <strong>Isabella Boull\u00f3n Faifer<\/strong>, de las cuales tres militan en el exterior y el resto pertenecen al \u00e1mbito local. Dentro de esa n\u00f3mina de nombres se repiten a las 12 medallistas de bronce del \u00faltimo Sudamericano U17, tambi\u00e9n con Bucaramanga como sede de los juegos. Otras tres integrantes participaron de la AmeriCup U18 de Buenos Aires en 2022, dando hasta dos a\u00f1os de ventaja.<\/p>\n<p style=\"text-align: justify;\">La Selecci\u00f3n Nacional program\u00f3 una serie de amistosos por Buenos Aires que permitir\u00e1n profundizar su estilo de juego y buscar la mejor versi\u00f3n posible a d\u00edas del debut continental. Los partidos ser\u00e1n a puertas cerradas.<\/p>\n<p>Argentina formar\u00e1 parte del Grupo A junto a Canad\u00e1, Rep\u00fablica Dominicana y Colombia; mientras que la otra zona se conform\u00f3 con M\u00e9xico, Estados Unidos, Brasil y Puerto Rico. Una vez concluida la fase de grupos, todos los equipos ingresar\u00e1n a los cuartos de final con cruces de acuerdo al orden en la instancia previa. Los cuatros ganadores acceder\u00e1n a semifinales y obtendr\u00e1n su boleto al Mundial 2025, el resto de las delegaciones ir\u00e1n a la reclasificaci\u00f3n por los puestos del 5 al 8.<\/p>\n","protected":false},"excerpt":{"rendered":"<p>Una nueva ilusi\u00f3n en marcha para las categor\u00edas formativas femeninas. Desde este domingo, la U18 comenz\u00f3 con los entrenamientos en el CeNARD con vista a la AmeriCup de Bucaramanga (colombia), certamen que se desarrollar\u00e1 del 17 al 23 de junio y que entregar\u00e1 cuatro plazas a la Copa del Mundo U19 del pr\u00f3ximo a\u00f1o. Para [&hellip;]<\/p>\n","protected":false},"author":1,"featured_media":16843,"comment_status":"closed","ping_status":"open","sticky":false,"template":"","format":"standard","meta":[],"categories":[21],"tags":[],"_links":{"self":[{"href":"https:\/\/entreriosbasquet.com\/site\/wp-json\/wp\/v2\/posts\/16842"}],"collection":[{"href":"https:\/\/entreriosbasquet.com\/site\/wp-json\/wp\/v2\/posts"}],"about":[{"href":"https:\/\/entreriosbasquet.com\/site\/wp-json\/wp\/v2\/types\/post"}],"author":[{"embeddable":true,"href":"https:\/\/entreriosbasquet.com\/site\/wp-json\/wp\/v2\/users\/1"}],"replies":[{"embeddable":true,"href":"https:\/\/entreriosbasquet.com\/site\/wp-json\/wp\/v2\/comments?post=16842"}],"version-history":[{"count":1,"href":"https:\/\/entreriosbasquet.com\/site\/wp-json\/wp\/v2\/posts\/16842\/revisions"}],"predecessor-version":[{"id":16844,"href":"https:\/\/entreriosbasquet.com\/site\/wp-json\/wp\/v2\/posts\/16842\/revisions\/16844"}],"wp:featuredmedia":[{"embeddable":true,"href":"https:\/\/entreriosbasquet.com\/site\/wp-json\/wp\/v2\/media\/16843"}],"wp:attachment":[{"href":"https:\/\/entreriosbasquet.com\/site\/wp-json\/wp\/v2\/media?parent=16842"}],"wp:term":[{"taxonomy":"category","embeddable":true,"href":"https:\/\/entreriosbasquet.com\/site\/wp-json\/wp\/v2\/categories?post=16842"},{"taxonomy":"post_tag","embeddable":true,"href":"https:\/\/entreriosbasquet.com\/site\/wp-json\/wp\/v2\/tags?post=16842"}],"curies":[{"name":"wp","href":"https:\/\/api.w.org\/{rel}","templated":true}]}}