{"id":16755,"date":"2024-05-12T16:23:18","date_gmt":"2024-05-12T19:23:18","guid":{"rendered":"https:\/\/entreriosbasquet.com\/site\/?p=16755"},"modified":"2024-05-15T16:25:29","modified_gmt":"2024-05-15T19:25:29","slug":"isabella-boullon-llamada-a-la-preseleccion-nacional-u18","status":"publish","type":"post","link":"https:\/\/entreriosbasquet.com\/site\/2024\/05\/12\/isabella-boullon-llamada-a-la-preseleccion-nacional-u18\/","title":{"rendered":"Isabella Boull\u00f3n llamada a la Preselecci\u00f3n Nacional U18"},"content":{"rendered":"<p style=\"text-align: justify;\">Con la presencia de la entrerriana Isabella Boull\u00f3n, desde el 2 de junio, la Preselecci\u00f3n Nacional U18 Femenina se reunir\u00e1 en las instalaciones del CeNARD para comenzar su preparaci\u00f3n deportiva de cara a la AmeriCup de la categor\u00eda, certamen que organizar\u00e1 la ciudad colombiana de Bucaramanga. El torneo entrega cuatro plazas al Mundial U19 de 2025.<\/p>\n<p style=\"text-align: justify;\">La lista se completa por Ema Baldo, Juana Barrionuevo, Julia Bosque, Alma Bourgarel, Miranda Canales, Sol Depetris, Isabella Ingenito, Nerea Lagowski, Roc\u00edo Leta, Malena Maggi, Milagros Morell, Sof\u00eda Novoa, Virginia Peralta, Alessia Reale, Stephanie Smidt Falter y a Fiamma Solis. Dentro de esa n\u00f3mina de nombres se repiten a las 12 medallistas de bronce del \u00faltimo Sudamericano U17, tambi\u00e9n con Bucaramanga como sede de los juegos.<\/p>\n<p style=\"text-align: justify;\">La concentraci\u00f3n estar\u00e1 encabezada por Mauricio Sant\u00e1ngelo, entrenador responsable de la hist\u00f3rica actuaci\u00f3n de la Selecci\u00f3n en los Juegos Panamericanos de Santiago 2023 con un tercer puesto.<\/p>\n<p style=\"text-align: justify;\">El campeonato se jugar\u00e1 del 17 al 23 de junio, con Argentina formando parte del Grupo A junto a Canad\u00e1, Rep\u00fablica Dominicana y a Colombia como pa\u00eds anfitri\u00f3n. Por defecto, en la otra zona quedaron las selecciones de M\u00e9xico, Estados Unidos, Brasil y Puerto Rico.<\/p>\n<p style=\"text-align: justify;\">Los ocho participantes estar\u00e1n reagrupados en dos grupos de cuatro. Luego de una fase regular de tres partidos con un sistema de todos contra todos, los equipos pasar\u00e1n de forma autom\u00e1tica a cuartos de final de acuerdo a las posiciones obtenidas en la instancia previa. Los ganadores de cada llave ir\u00e1n clasificando de ronda hasta completar el cuadro de las finales, definici\u00f3n pautada para el \u00faltimo d\u00eda de la competencia.<\/p>\n","protected":false},"excerpt":{"rendered":"<p>Con la presencia de la entrerriana Isabella Boull\u00f3n, desde el 2 de junio, la Preselecci\u00f3n Nacional U18 Femenina se reunir\u00e1 en las instalaciones del CeNARD para comenzar su preparaci\u00f3n deportiva de cara a la AmeriCup de la categor\u00eda, certamen que organizar\u00e1 la ciudad colombiana de Bucaramanga. El torneo entrega cuatro plazas al Mundial U19 de [&hellip;]<\/p>\n","protected":false},"author":1,"featured_media":16756,"comment_status":"closed","ping_status":"open","sticky":false,"template":"","format":"standard","meta":[],"categories":[21],"tags":[],"_links":{"self":[{"href":"https:\/\/entreriosbasquet.com\/site\/wp-json\/wp\/v2\/posts\/16755"}],"collection":[{"href":"https:\/\/entreriosbasquet.com\/site\/wp-json\/wp\/v2\/posts"}],"about":[{"href":"https:\/\/entreriosbasquet.com\/site\/wp-json\/wp\/v2\/types\/post"}],"author":[{"embeddable":true,"href":"https:\/\/entreriosbasquet.com\/site\/wp-json\/wp\/v2\/users\/1"}],"replies":[{"embeddable":true,"href":"https:\/\/entreriosbasquet.com\/site\/wp-json\/wp\/v2\/comments?post=16755"}],"version-history":[{"count":1,"href":"https:\/\/entreriosbasquet.com\/site\/wp-json\/wp\/v2\/posts\/16755\/revisions"}],"predecessor-version":[{"id":16757,"href":"https:\/\/entreriosbasquet.com\/site\/wp-json\/wp\/v2\/posts\/16755\/revisions\/16757"}],"wp:featuredmedia":[{"embeddable":true,"href":"https:\/\/entreriosbasquet.com\/site\/wp-json\/wp\/v2\/media\/16756"}],"wp:attachment":[{"href":"https:\/\/entreriosbasquet.com\/site\/wp-json\/wp\/v2\/media?parent=16755"}],"wp:term":[{"taxonomy":"category","embeddable":true,"href":"https:\/\/entreriosbasquet.com\/site\/wp-json\/wp\/v2\/categories?post=16755"},{"taxonomy":"post_tag","embeddable":true,"href":"https:\/\/entreriosbasquet.com\/site\/wp-json\/wp\/v2\/tags?post=16755"}],"curies":[{"name":"wp","href":"https:\/\/api.w.org\/{rel}","templated":true}]}}