{"id":16627,"date":"2024-03-20T20:14:50","date_gmt":"2024-03-20T23:14:50","guid":{"rendered":"https:\/\/entreriosbasquet.com\/site\/?p=16627"},"modified":"2024-03-20T20:14:58","modified_gmt":"2024-03-20T23:14:58","slug":"con-presencia-entrerriano-nuevo-campus-de-desarrollo-cab-u15","status":"publish","type":"post","link":"https:\/\/entreriosbasquet.com\/site\/2024\/03\/20\/con-presencia-entrerriano-nuevo-campus-de-desarrollo-cab-u15\/","title":{"rendered":"Con presencia entrerriana, nuevo Campus de Desarrollo CAB U15"},"content":{"rendered":"<p style=\"text-align: justify;\">A partir de jueves 4 y hasta el 15 de abril, el Campus de Desarrollo U15 Femenino volver\u00e1 reunirse en las instalaciones del CeNARD en vista a las competencias internacionales que se avecinan para la categor\u00eda.<\/p>\n<p style=\"text-align: justify;\">Las entrerrianas Santina Cherot (Regatas Uruguay), Guadalupe Navarro (Paracao de Paran\u00e1) y Florencia Losada (Rocamora de Concepci\u00f3n del Uruguay) fueron convocadas para esta instancia del selectivo nacional.<\/p>\n<p style=\"text-align: justify;\">En total ser\u00e1n 20 las jugadoras que participen de esta convocatoria para la camada 2009 y 2010, con 11 juveniles que repiten presencia con respecto a la primera concentraci\u00f3n de enero. El actual listado ampl\u00eda la representaci\u00f3n de las regiones de juego, pasando de 6 a 9 federaciones y asociaciones provinciales, una decisi\u00f3n en sinton\u00eda con el reclutamiento federal realizado durante el \u00faltimo a\u00f1o.<\/p>\n<p style=\"text-align: justify;\">De acuerdo con el calendario anunciado por FIBA, el Sudamericano de la categor\u00eda deber\u00eda desarrollarse durante las primeras semanas noviembre de este a\u00f1o, con sede a\u00fan por confirmarse. La \u00faltima edici\u00f3n fue sobre el cierre de 2022 y con la Selecci\u00f3n Nacional cor\u00e1ndose campe\u00f3n en Chile.<\/p>\n<p style=\"text-align: justify;\">El staff t\u00e9cnico profesional se compone por Paula Budini y Carolina Schiavone como entrenadoras, Mat\u00edas Podest\u00e1 y Yonathan Rodr\u00edguez como preparadores f\u00edsicos. En tanto que Karina Rodr\u00edguez (Directora CAB) y Mariano Marcos (Coordinador de formativas) estar\u00e1n a cargo de la concentraci\u00f3n y planificaci\u00f3n de las actividades.<\/p>\n","protected":false},"excerpt":{"rendered":"<p>A partir de jueves 4 y hasta el 15 de abril, el Campus de Desarrollo U15 Femenino volver\u00e1 reunirse en las instalaciones del CeNARD en vista a las competencias internacionales que se avecinan para la categor\u00eda. Las entrerrianas Santina Cherot (Regatas Uruguay), Guadalupe Navarro (Paracao de Paran\u00e1) y Florencia Losada (Rocamora de Concepci\u00f3n del Uruguay) [&hellip;]<\/p>\n","protected":false},"author":1,"featured_media":16628,"comment_status":"closed","ping_status":"open","sticky":false,"template":"","format":"standard","meta":[],"categories":[21],"tags":[],"_links":{"self":[{"href":"https:\/\/entreriosbasquet.com\/site\/wp-json\/wp\/v2\/posts\/16627"}],"collection":[{"href":"https:\/\/entreriosbasquet.com\/site\/wp-json\/wp\/v2\/posts"}],"about":[{"href":"https:\/\/entreriosbasquet.com\/site\/wp-json\/wp\/v2\/types\/post"}],"author":[{"embeddable":true,"href":"https:\/\/entreriosbasquet.com\/site\/wp-json\/wp\/v2\/users\/1"}],"replies":[{"embeddable":true,"href":"https:\/\/entreriosbasquet.com\/site\/wp-json\/wp\/v2\/comments?post=16627"}],"version-history":[{"count":2,"href":"https:\/\/entreriosbasquet.com\/site\/wp-json\/wp\/v2\/posts\/16627\/revisions"}],"predecessor-version":[{"id":16630,"href":"https:\/\/entreriosbasquet.com\/site\/wp-json\/wp\/v2\/posts\/16627\/revisions\/16630"}],"wp:featuredmedia":[{"embeddable":true,"href":"https:\/\/entreriosbasquet.com\/site\/wp-json\/wp\/v2\/media\/16628"}],"wp:attachment":[{"href":"https:\/\/entreriosbasquet.com\/site\/wp-json\/wp\/v2\/media?parent=16627"}],"wp:term":[{"taxonomy":"category","embeddable":true,"href":"https:\/\/entreriosbasquet.com\/site\/wp-json\/wp\/v2\/categories?post=16627"},{"taxonomy":"post_tag","embeddable":true,"href":"https:\/\/entreriosbasquet.com\/site\/wp-json\/wp\/v2\/tags?post=16627"}],"curies":[{"name":"wp","href":"https:\/\/api.w.org\/{rel}","templated":true}]}}