{"id":1623,"date":"2017-08-01T07:59:32","date_gmt":"2017-08-01T10:59:32","guid":{"rendered":"http:\/\/entreriosbasquet.com\/site\/?p=1623"},"modified":"2017-08-01T08:01:13","modified_gmt":"2017-08-01T11:01:13","slug":"1623","status":"publish","type":"post","link":"https:\/\/entreriosbasquet.com\/site\/2017\/08\/01\/1623\/","title":{"rendered":"\u00daltima concentraci\u00f3n U19 previa al Argentino"},"content":{"rendered":"<p style=\"text-align: justify;\">El cuerpo t\u00e9cnico del Seleccionado de Entre R\u00edos categor\u00eda U19, liderado por el entrenador Mario Rodr\u00edguez, convoc\u00f3 a 16 jugadores\u00a0a presentarse el viernes 4 de agosto\u00a0 2017 antes del mediod\u00eda\u00a0 en las instalaciones de la Federaci\u00f3n Entrerriana de B\u00e1squet (San Mart\u00edn 1880, Chajar\u00ed) a los efectos de ser observados por el DT para la conformaci\u00f3n de la Selecci\u00f3n Provincial U19.<\/p>\n<p style=\"text-align: justify;\">De esta convocatoria saldr\u00e1n los 12 integrantes del plantel que representar\u00e1n a la Provincia de Entre R\u00edos en el Campeonato Argentino de la categor\u00eda, a jugarse en Embalse Rio Tercero (C\u00f3rdoba) del 10 al 15 de Agosto del 2017.<\/p>\n<p>&nbsp;<\/p>\n<p><span style=\"color: #ff0000;\"><strong>CONVOCADOS<\/strong><\/span><\/p>\n<p>1- DIAZ, SAVERIO \u2013 Zaninetti, C.del.U<\/p>\n<p>2- FRAVEGA, FRANCISCO \u2013 Ciclista, Paran\u00e1<\/p>\n<p>3- GALUCCIO, BAUTISTA \u2013 Obras, Bs. As.<\/p>\n<p>4- LAROSSE, JUAN CRUZ \u2013 Boca, Bs. As.<\/p>\n<p>5- CATALIN, JUSTO \u2013 Rocamora, C.del.U<\/p>\n<p>6- BOFELLI, JUAN FRANCISCO \u2013 Zaninetti, C.del.U<\/p>\n<p>7- FEDER PONCE, HANS \u2013 San Isidro, C\u00f3rdoba<\/p>\n<p>8- GUALACHE, GERVASIO \u2013 Zaninetti, C.del.U<\/p>\n<p>9- CAIRE, MATIAS \u2013 Rocamora, C.del.U<\/p>\n<p>10- SANTANA, MATIAS \u2013 Echague, Paran\u00e1<\/p>\n<p>11- BUSTOS, EVARISTO \u2013 Echague, Paran\u00e1<\/p>\n<p>12- SOLANAS, MATIAS \u2013 Talleres, Paran\u00e1<\/p>\n<p>13- GUAITA, NICOLAS \u2013 Talleres, Paran\u00e1<\/p>\n<p>14- NASSI FEDERICO \u2013 Olimpia, Paran\u00e1<\/p>\n<p>15-AMATEI, FRANCISCO \u2013 Recreativo, Paran\u00e1<\/p>\n<p>16- BIONE, JOS\u00c9 \u2013 Boca, Bs As<\/p>\n","protected":false},"excerpt":{"rendered":"<p>El cuerpo t\u00e9cnico del Seleccionado de Entre R\u00edos categor\u00eda U19, liderado por el entrenador Mario Rodr\u00edguez, convoc\u00f3 a 16 jugadores\u00a0a presentarse el viernes 4 de agosto\u00a0 2017 antes del mediod\u00eda\u00a0 en las instalaciones de la Federaci\u00f3n Entrerriana de B\u00e1squet (San Mart\u00edn 1880, Chajar\u00ed) a los efectos de ser observados por el DT para la conformaci\u00f3n [&hellip;]<\/p>\n","protected":false},"author":5,"featured_media":1624,"comment_status":"closed","ping_status":"open","sticky":false,"template":"","format":"standard","meta":[],"categories":[19],"tags":[195,109],"_links":{"self":[{"href":"https:\/\/entreriosbasquet.com\/site\/wp-json\/wp\/v2\/posts\/1623"}],"collection":[{"href":"https:\/\/entreriosbasquet.com\/site\/wp-json\/wp\/v2\/posts"}],"about":[{"href":"https:\/\/entreriosbasquet.com\/site\/wp-json\/wp\/v2\/types\/post"}],"author":[{"embeddable":true,"href":"https:\/\/entreriosbasquet.com\/site\/wp-json\/wp\/v2\/users\/5"}],"replies":[{"embeddable":true,"href":"https:\/\/entreriosbasquet.com\/site\/wp-json\/wp\/v2\/comments?post=1623"}],"version-history":[{"count":3,"href":"https:\/\/entreriosbasquet.com\/site\/wp-json\/wp\/v2\/posts\/1623\/revisions"}],"predecessor-version":[{"id":1627,"href":"https:\/\/entreriosbasquet.com\/site\/wp-json\/wp\/v2\/posts\/1623\/revisions\/1627"}],"wp:featuredmedia":[{"embeddable":true,"href":"https:\/\/entreriosbasquet.com\/site\/wp-json\/wp\/v2\/media\/1624"}],"wp:attachment":[{"href":"https:\/\/entreriosbasquet.com\/site\/wp-json\/wp\/v2\/media?parent=1623"}],"wp:term":[{"taxonomy":"category","embeddable":true,"href":"https:\/\/entreriosbasquet.com\/site\/wp-json\/wp\/v2\/categories?post=1623"},{"taxonomy":"post_tag","embeddable":true,"href":"https:\/\/entreriosbasquet.com\/site\/wp-json\/wp\/v2\/tags?post=1623"}],"curies":[{"name":"wp","href":"https:\/\/api.w.org\/{rel}","templated":true}]}}