{"id":15179,"date":"2023-02-01T16:29:10","date_gmt":"2023-02-01T19:29:10","guid":{"rendered":"http:\/\/entreriosbasquet.com\/site\/?p=15179"},"modified":"2023-02-01T16:29:10","modified_gmt":"2023-02-01T19:29:10","slug":"paracao-prepara-su-estreno-en-la-liga-federal","status":"publish","type":"post","link":"https:\/\/entreriosbasquet.com\/site\/2023\/02\/01\/paracao-prepara-su-estreno-en-la-liga-federal\/","title":{"rendered":"Paracao prepara su estreno en la Liga Federal"},"content":{"rendered":"<p style=\"font-weight: 400; text-align: justify;\">Experimentando nuevas y agradables sensaciones, los integrantes de Paracao B\u00e1squet calibran su preparaci\u00f3n de cara a la Liga Federal 2023, que lo tendr\u00e1 como uno de sus nuevos protagonistas.<\/p>\n<p style=\"font-weight: 400; text-align: justify;\">Impulsado por su consagraci\u00f3n en ser finalista de la Conferencia 2 del a\u00f1o anterior (que se adjudic\u00f3) de la zona entrerriana, el conjunto\u00a0<em>Auriazul<\/em>\u00a0ser\u00e1 uno de los nueve entrerrianos que intervendr\u00e1n en la competencia que hace honor a su nombre, pues incluir\u00e1 a 102 plazas de 17 provincias.<\/p>\n<p style=\"font-weight: 400; text-align: justify;\">Paracao integrar\u00e1 la subdivisi\u00f3n 1 de la divisi\u00f3n Litoral, junto a cuatro equipos rosarinos (Provincial, Sportsmen Unidos, Olegario V\u00edctor Andrade -Caova- y El Tala), dos compueblanos (Olimpia y Sionista), un galvense (Santa Paula) y un esperancino (Almagro).<\/p>\n<p style=\"font-weight: 400; text-align: justify;\">En tanto que, en la zona 2, estar\u00e1n el resto de los entrerrianos: Central Entrerriano, Neptunia y Racing (de Gualeguaych\u00fa), San Jos\u00e9 y Atl\u00e9tico Tala (de sus respectivas localidades hom\u00f3nimas), Ferrocarril (de Concordia) y Centro Bancario Gualeguay (ganador de la Confederencia 1 del Prefederal 2022 y vencedor en la final provincial de Paracao).<\/p>\n<p style=\"font-weight: 400; text-align: justify;\"><strong>El plantel<\/strong><\/p>\n<p style=\"font-weight: 400; text-align: justify;\"><em>Los Gigantes del Sur<\/em>\u00a0conservan el grueso de la plantilla que dio el salto de nivel, que se reforz\u00f3 en puestos espec\u00edficos. Los escoltas Juli\u00e1n Salaberry (procedente de Uni\u00f3n de Santa Fe) y Gonzalo Sabatini (de Gimnasia y Esgrima), m\u00e1s el base Nicol\u00e1s Bros (llega desde Pe\u00f1arol de Rosario del Tala) son sus nuevos rostros.<\/p>\n<p style=\"font-weight: 400; text-align: justify;\">El resto, destaca a las fichas que protagonizaron una campa\u00f1a hist\u00f3rica para la instituci\u00f3n del Sur paranaense. Entre las mayores, Rom\u00e1n Rodr\u00edguez (elegido Jugador M\u00e1s Valioso del Prefederal), Franco Pividori y Nicol\u00e1s Sartori; m\u00e1s Leandro Chorvat \u00c1valos (Sub 23), Juan Cruz Krapp, Agust\u00edn Caminos, Enzo Borgogno Mantay y Ger\u00f3nimo Cian Vianco (Sub 21).<\/p>\n<p style=\"font-weight: 400; text-align: justify;\">En cuanto a los juveniles, que ya formaron parte del proceso inmediatamente anterior, fueron designados: Tom\u00e1s Guzm\u00e1n, Franco Tomiozzo, Juan Manuel Fontana, Valentino Cian Vianco y Alfredo \u00c1lvarez.<\/p>\n<p style=\"font-weight: 400; text-align: justify;\">La otra gran novedad la protagoniza Alejandro Zilli. Quien fuera referente hasta el mes pasado, es quien ahora, en su nuevo rol, orienta al equipo desde la direcci\u00f3n t\u00e9cnica.<\/p>\n<p style=\"font-weight: 400; text-align: justify;\">El resto del cuerpo t\u00e9cnico tambi\u00e9n exhibe continuidad, con Juan Ignacio Gasparrini (entrenador asistente), Juli\u00e1n Vernackt (preparador f\u00edsico), Jorge P\u00e9rez (kinesi\u00f3logo) y Gabriel Guzm\u00e1n (jefe de equipo). Se suman Joaqu\u00edn Chaparro (asistente) y Jos\u00e9 Gonz\u00e1lez (m\u00e9dico).<\/p>\n<p style=\"font-weight: 400; text-align: justify;\"><strong>Preparando el debut<\/strong><\/p>\n<p style=\"font-weight: 400; text-align: justify;\">La pretemporada se inici\u00f3 con el mismo comienzo de a\u00f1o y desde entonces se repiten en horario vespertino, teniendo al estadio y gimnasio de la instituci\u00f3n como \u00e1mbito, seg\u00fan corresponda. Para ganar ritmo de competencia, el equipo realiz\u00f3 un partido amistoso con el Centro Juventud Sionista.<\/p>\n<p style=\"font-weight: 400; text-align: justify;\">En tanto, en las \u00faltimas horas, Paracao\u00a0 tuvo su Media Day, en el cual los integrantes dialogaron con comunicadores sociales y posaron ante las c\u00e1maras con la flamante indumentaria que utilizar\u00e1 en la temporada que se avecina.<\/p>\n<p style=\"font-weight: 400; text-align: justify;\">Paracao iniciar\u00e1 su marcha en la Liga Federal 2023 el pr\u00f3ximo viernes 3 de febrero, visitando a Almagro de Esperanza. En tanto, su primer juego en el\u00a0<em>Coloso del Sur<\/em>\u00a0ser\u00e1 el s\u00e1bado 11 versus Olimpia.<\/p>\n<p style=\"font-weight: 400;\">\u00a0<img decoding=\"async\" loading=\"lazy\" class=\"alignnone size-full wp-image-15180\" src=\"http:\/\/entreriosbasquet.com\/site\/wp-content\/uploads\/2023\/02\/plantel-cap.jpg\" alt=\"\" width=\"573\" height=\"529\" srcset=\"https:\/\/entreriosbasquet.com\/site\/wp-content\/uploads\/2023\/02\/plantel-cap.jpg 573w, https:\/\/entreriosbasquet.com\/site\/wp-content\/uploads\/2023\/02\/plantel-cap-300x277.jpg 300w, https:\/\/entreriosbasquet.com\/site\/wp-content\/uploads\/2023\/02\/plantel-cap-455x420.jpg 455w\" sizes=\"(max-width: 573px) 100vw, 573px\" \/><\/p>\n<p style=\"font-weight: 400;\">\n","protected":false},"excerpt":{"rendered":"<p>Experimentando nuevas y agradables sensaciones, los integrantes de Paracao B\u00e1squet calibran su preparaci\u00f3n de cara a la Liga Federal 2023, que lo tendr\u00e1 como uno de sus nuevos protagonistas. Impulsado por su consagraci\u00f3n en ser finalista de la Conferencia 2 del a\u00f1o anterior (que se adjudic\u00f3) de la zona entrerriana, el conjunto\u00a0Auriazul\u00a0ser\u00e1 uno de los [&hellip;]<\/p>\n","protected":false},"author":1,"featured_media":15181,"comment_status":"closed","ping_status":"open","sticky":false,"template":"","format":"standard","meta":[],"categories":[16],"tags":[],"_links":{"self":[{"href":"https:\/\/entreriosbasquet.com\/site\/wp-json\/wp\/v2\/posts\/15179"}],"collection":[{"href":"https:\/\/entreriosbasquet.com\/site\/wp-json\/wp\/v2\/posts"}],"about":[{"href":"https:\/\/entreriosbasquet.com\/site\/wp-json\/wp\/v2\/types\/post"}],"author":[{"embeddable":true,"href":"https:\/\/entreriosbasquet.com\/site\/wp-json\/wp\/v2\/users\/1"}],"replies":[{"embeddable":true,"href":"https:\/\/entreriosbasquet.com\/site\/wp-json\/wp\/v2\/comments?post=15179"}],"version-history":[{"count":1,"href":"https:\/\/entreriosbasquet.com\/site\/wp-json\/wp\/v2\/posts\/15179\/revisions"}],"predecessor-version":[{"id":15182,"href":"https:\/\/entreriosbasquet.com\/site\/wp-json\/wp\/v2\/posts\/15179\/revisions\/15182"}],"wp:featuredmedia":[{"embeddable":true,"href":"https:\/\/entreriosbasquet.com\/site\/wp-json\/wp\/v2\/media\/15181"}],"wp:attachment":[{"href":"https:\/\/entreriosbasquet.com\/site\/wp-json\/wp\/v2\/media?parent=15179"}],"wp:term":[{"taxonomy":"category","embeddable":true,"href":"https:\/\/entreriosbasquet.com\/site\/wp-json\/wp\/v2\/categories?post=15179"},{"taxonomy":"post_tag","embeddable":true,"href":"https:\/\/entreriosbasquet.com\/site\/wp-json\/wp\/v2\/tags?post=15179"}],"curies":[{"name":"wp","href":"https:\/\/api.w.org\/{rel}","templated":true}]}}