{"id":14531,"date":"2022-07-06T17:11:35","date_gmt":"2022-07-06T20:11:35","guid":{"rendered":"http:\/\/entreriosbasquet.com\/site\/?p=14531"},"modified":"2022-07-06T17:11:35","modified_gmt":"2022-07-06T20:11:35","slug":"la-union-campeon-de-la-liga-federal","status":"publish","type":"post","link":"https:\/\/entreriosbasquet.com\/site\/2022\/07\/06\/la-union-campeon-de-la-liga-federal\/","title":{"rendered":"\u00a1La Uni\u00f3n campe\u00f3n de la Liga Federal!"},"content":{"rendered":"<p style=\"text-align: justify;\">La Uni\u00f3n de Col\u00f3n venci\u00f3 como visitante a Pico Foot-Ball Club por 91-83 en el segundo punto de la Final Nacional de la Liga Federal y barri\u00f3 la serie por 2-0. Pablo Bilat fue el goleador del campe\u00f3n y Germ\u00e1n Frencia fue elegido MVP.<\/p>\n<p style=\"text-align: justify;\">Por el segundo partido de la Final Nacional de La Liga Federal de B\u00e1squet, se volv\u00edan a medir los dos mejores equipos de cada conferencia. Pero esta vez, en el Parque \u00c1ngel Larrea de General Pico, que luc\u00eda colmado una vez m\u00e1s.<\/p>\n<p style=\"text-align: justify;\">El partido comenz\u00f3 con los dos equipos intentando jugar bien al b\u00e1squet y con una buena movilidad, teniendo un gran porcentaje de efectividad. En el conjunto visitante el goleador era Conti, que ten\u00eda un 100% de efectividad en tiro de dos puntos. En cuanto al local se destacaban Piuma y Bual\u00f3, que tambi\u00e9n estaban muy efectivos. El marcador fue a favor de la visita por la m\u00ednima 23 a 24.<\/p>\n<p style=\"text-align: justify;\">El segundo cuarto comenz\u00f3 con una sola variante en el conjunto local, entrando Caba\u00f1as por Eberhardt. Pero el visitante se encontraba muy decidido y con un gran juego de conjunto lograba estirar su ventaja a 13 puntos de la mano de Pazzarelli y D\u00edaz desequilibrantes. El local intent\u00f3 remontar el resultado con jugadas y triples de su capit\u00e1n Agust\u00edn Bual\u00f3, pero se encontraban muy imprecisos. Tras un parcial de 16-25, La Uni\u00f3n se march\u00f3 al entretiempo con una ventaja de 39-49.<\/p>\n<p style=\"text-align: justify;\">El tercer cuarto arranc\u00f3 con un conjunto local empujado por su gente que gritaba sin parar para apoyar a su equipo. Pero la visita no se dejaba amedrentar y segu\u00eda con su juego y con tiros de tres puntos. El local era liderado por sus figuras, Marcelo Piuma y su capit\u00e1n Tatu Bual\u00f3, quienes comandaban a su equipo para ponerlo en partido nuevamente. De la mano de sus referentes, Pico FC logr\u00f3 descontar y el tanteador final del tercer cuarto fue 60 a 64 a favor de La Uni\u00f3n.<\/p>\n<p style=\"text-align: justify;\">Los \u00faltimos 10 minutos fueron de gran nivel, con ambos equipos moviendo r\u00e1pido la pelota y correndo toda la cancha, se volvi\u00f3 un juego de alto nivel y muy vistoso. Bual\u00f3 tomaba las riendas con sus lanzamientos y penetraciones para el local, pero la visita no le permit\u00eda acercarse. A cada intento de remontada, contestaba con gran efectividad de tres puntos, calmando las aguas y manteniendo as\u00ed una ventaja de 4 puntos a falta de 5 minutos para el cierre.<\/p>\n<p style=\"text-align: justify;\">En el cierre, cuando el local pareci\u00f3 tomar envi\u00f3n para darlo vuelta, algo que tambi\u00e9n logr\u00f3 en las Finales de Conferencia, el visitante despleg\u00f3 su jerarqu\u00eda y mantuvo la diferencia, llev\u00e1ndose as\u00ed el partido por 83 a 91. Seis jugadores anotaron en doble d\u00edgito para el ganador, liderado por los 18 de Bilat, los 14 de Sigel y el doble-doble de Frencia, autor de 10 puntos y 15 rebotes. Por el local, que cedi\u00f3 finalmente su invicto en casa pero coron\u00f3 una temporada sensacional, logrando el ascenso y llenando de entusiasmo a toda una provincia, Bual\u00f3 y Piuma se combinaron para 48 puntos, 25 y 23 respectivamente. El\u00edas Del Ponte acompa\u00f1\u00f3 con 13 unidades.<\/p>\n<p style=\"text-align: justify;\">Con este resultado, La Uni\u00f3n de Col\u00f3n liquid\u00f3 la serie por 2-0 y se consagr\u00f3 campe\u00f3n de la Liga Federal 2022. Durante la ceremonia de premiaci\u00f3n, Germ\u00e1n Frencia fue coronado como el MVP de la serie final. Punto final para una temporada maravillosa de la tercera categor\u00eda del b\u00e1squet argentino. Con participaci\u00f3n r\u00e9cord, partidos en todos los rincones del pa\u00eds y dos hist\u00f3ricos coronados en sus respectivas conferencias, que obtuvieron el ascenso a La Liga Argentina.<\/p>\n","protected":false},"excerpt":{"rendered":"<p>La Uni\u00f3n de Col\u00f3n venci\u00f3 como visitante a Pico Foot-Ball Club por 91-83 en el segundo punto de la Final Nacional de la Liga Federal y barri\u00f3 la serie por 2-0. Pablo Bilat fue el goleador del campe\u00f3n y Germ\u00e1n Frencia fue elegido MVP. Por el segundo partido de la Final Nacional de La Liga [&hellip;]<\/p>\n","protected":false},"author":1,"featured_media":14532,"comment_status":"closed","ping_status":"open","sticky":false,"template":"","format":"standard","meta":[],"categories":[16],"tags":[103,632],"_links":{"self":[{"href":"https:\/\/entreriosbasquet.com\/site\/wp-json\/wp\/v2\/posts\/14531"}],"collection":[{"href":"https:\/\/entreriosbasquet.com\/site\/wp-json\/wp\/v2\/posts"}],"about":[{"href":"https:\/\/entreriosbasquet.com\/site\/wp-json\/wp\/v2\/types\/post"}],"author":[{"embeddable":true,"href":"https:\/\/entreriosbasquet.com\/site\/wp-json\/wp\/v2\/users\/1"}],"replies":[{"embeddable":true,"href":"https:\/\/entreriosbasquet.com\/site\/wp-json\/wp\/v2\/comments?post=14531"}],"version-history":[{"count":1,"href":"https:\/\/entreriosbasquet.com\/site\/wp-json\/wp\/v2\/posts\/14531\/revisions"}],"predecessor-version":[{"id":14533,"href":"https:\/\/entreriosbasquet.com\/site\/wp-json\/wp\/v2\/posts\/14531\/revisions\/14533"}],"wp:featuredmedia":[{"embeddable":true,"href":"https:\/\/entreriosbasquet.com\/site\/wp-json\/wp\/v2\/media\/14532"}],"wp:attachment":[{"href":"https:\/\/entreriosbasquet.com\/site\/wp-json\/wp\/v2\/media?parent=14531"}],"wp:term":[{"taxonomy":"category","embeddable":true,"href":"https:\/\/entreriosbasquet.com\/site\/wp-json\/wp\/v2\/categories?post=14531"},{"taxonomy":"post_tag","embeddable":true,"href":"https:\/\/entreriosbasquet.com\/site\/wp-json\/wp\/v2\/tags?post=14531"}],"curies":[{"name":"wp","href":"https:\/\/api.w.org\/{rel}","templated":true}]}}