{"id":14389,"date":"2022-06-04T18:47:44","date_gmt":"2022-06-04T21:47:44","guid":{"rendered":"http:\/\/entreriosbasquet.com\/site\/?p=14389"},"modified":"2022-06-04T18:47:44","modified_gmt":"2022-06-04T21:47:44","slug":"matias-solanas-preseleccionado-para-la-doble-fecha-fiba","status":"publish","type":"post","link":"https:\/\/entreriosbasquet.com\/site\/2022\/06\/04\/matias-solanas-preseleccionado-para-la-doble-fecha-fiba\/","title":{"rendered":"Mat\u00edas Solanas preseleccionado para la doble fecha FIBA"},"content":{"rendered":"<p style=\"text-align: justify;\">El escolta paranaense Mat\u00edas Solanas fue convocado este viernes entre los 24 preseleccionados de Argentina para la doble fecha de Eliminatorias mundialistas contra Venezuela y Panam\u00e1, como visitante, el 30 de junio y el 3 de julio, respectivamente.<\/p>\n<p style=\"text-align: justify;\">La n\u00f3mina, incluye ni m\u00e1s ni menos que las presencias del base Facundo Campazzo y el alero Gabriel Deck.<\/p>\n<p style=\"text-align: justify;\">La aparici\u00f3n de Campazzo, que el 30 de este mes quedar\u00e1 libre de Denver Nuggets de la NBA, y de Deck, una de las figuras de Real Madrid, de Espa\u00f1a, caus\u00f3 sorpresa aunque desde la organizaci\u00f3n aclararon que \u00abno es la lista definitiva\u00bb.<\/p>\n<p style=\"text-align: justify;\">\u00abEn los pr\u00f3ximos d\u00edas, el entrenador de la Selecci\u00f3n Argentina, N\u00e9stor Garc\u00eda, comenzar\u00e1 a delinear la citaci\u00f3n en base a este listado\u00bb, explic\u00f3 la Confederaci\u00f3n Argentina de B\u00e1squet (CAB) en el comunicado.<\/p>\n<p style=\"text-align: justify;\">Los otros nombres importantes son los bases Luca Vildoza (Milwaukee Bucks, USA), Jos\u00e9 Vildoza (Cibona Zagreb, Croacia) y el escolta Leandro Bolmaro (Minnesota Timberwolves, USA).<\/p>\n<p style=\"text-align: justify;\">Argentina, ya clasificada a la siguiente ronda, marcha en el segundo puesto del Grupo A con un balance de tres victorias y una derrota, y se posiciona como escolta de Venezuela (4-0), y por encima tanto de Panam\u00e1 (3\u00b0 con 1-3) como de Paraguay (4\u00b0 con 0-4).<\/p>\n<p style=\"text-align: justify;\">El plantel confirmado por la CABB, est\u00e1 compuesto por los bases: Facundo Campazzo, Jos\u00e9 Vildoza, Luca Vildoza, Franco Baralle, Fernando Zurbriggen y Juan Ignacio Marcos. Escoltas: Leandro Bolmaro, Carlos Delfino, Mat\u00edas Solanas, Nicol\u00e1s Brussino y M\u00e1ximo Fjellerup. Aleros: Gabriel Deck, Patricio Garino, Juan Pablo Vaulet, Tom\u00e1s Monacchi y Franco Giorgetti. Internos: Nicol\u00e1s Romano, Marcos Del\u00eda, Gonzalo Bressan, Bautista Lugarini, Juan Fern\u00e1ndez, Tayavek Gallizzi, Francisco Caffaro y Tom\u00e1s Chapero.<\/p>\n","protected":false},"excerpt":{"rendered":"<p>El escolta paranaense Mat\u00edas Solanas fue convocado este viernes entre los 24 preseleccionados de Argentina para la doble fecha de Eliminatorias mundialistas contra Venezuela y Panam\u00e1, como visitante, el 30 de junio y el 3 de julio, respectivamente. La n\u00f3mina, incluye ni m\u00e1s ni menos que las presencias del base Facundo Campazzo y el alero [&hellip;]<\/p>\n","protected":false},"author":1,"featured_media":14390,"comment_status":"closed","ping_status":"open","sticky":false,"template":"","format":"standard","meta":[],"categories":[260],"tags":[99],"_links":{"self":[{"href":"https:\/\/entreriosbasquet.com\/site\/wp-json\/wp\/v2\/posts\/14389"}],"collection":[{"href":"https:\/\/entreriosbasquet.com\/site\/wp-json\/wp\/v2\/posts"}],"about":[{"href":"https:\/\/entreriosbasquet.com\/site\/wp-json\/wp\/v2\/types\/post"}],"author":[{"embeddable":true,"href":"https:\/\/entreriosbasquet.com\/site\/wp-json\/wp\/v2\/users\/1"}],"replies":[{"embeddable":true,"href":"https:\/\/entreriosbasquet.com\/site\/wp-json\/wp\/v2\/comments?post=14389"}],"version-history":[{"count":1,"href":"https:\/\/entreriosbasquet.com\/site\/wp-json\/wp\/v2\/posts\/14389\/revisions"}],"predecessor-version":[{"id":14391,"href":"https:\/\/entreriosbasquet.com\/site\/wp-json\/wp\/v2\/posts\/14389\/revisions\/14391"}],"wp:featuredmedia":[{"embeddable":true,"href":"https:\/\/entreriosbasquet.com\/site\/wp-json\/wp\/v2\/media\/14390"}],"wp:attachment":[{"href":"https:\/\/entreriosbasquet.com\/site\/wp-json\/wp\/v2\/media?parent=14389"}],"wp:term":[{"taxonomy":"category","embeddable":true,"href":"https:\/\/entreriosbasquet.com\/site\/wp-json\/wp\/v2\/categories?post=14389"},{"taxonomy":"post_tag","embeddable":true,"href":"https:\/\/entreriosbasquet.com\/site\/wp-json\/wp\/v2\/tags?post=14389"}],"curies":[{"name":"wp","href":"https:\/\/api.w.org\/{rel}","templated":true}]}}