{"id":14273,"date":"2022-05-11T09:47:00","date_gmt":"2022-05-11T12:47:00","guid":{"rendered":"http:\/\/entreriosbasquet.com\/site\/?p=14273"},"modified":"2022-05-11T09:47:00","modified_gmt":"2022-05-11T12:47:00","slug":"benay-voy-a-dejar-todo-para-poder-representar-a-argentina","status":"publish","type":"post","link":"https:\/\/entreriosbasquet.com\/site\/2022\/05\/11\/benay-voy-a-dejar-todo-para-poder-representar-a-argentina\/","title":{"rendered":"Benay: \u00abVoy a dejar todo para poder representar a Argentina\u00bb"},"content":{"rendered":"<p style=\"text-align: justify;\">Este martes comenzaron los entrenamientos en las instalaciones del CENARD, en la ciudad de Buenos Aires, del Preseleccionado Argentino U18 con la participaci\u00f3n de 20 deportistas de los cuales surgir\u00e1n los jugadores definitivos que representar\u00e1n a nuestro pa\u00eds en el pr\u00f3ximo\u00a0torneo FIBA Am\u00e9ricas, que tendr\u00e1 lugar entre el 6 y 12 de junio.<\/p>\n<p style=\"text-align: justify;\">Lorenzo Benay es uno de los 20 jugadores que entrenar\u00e1 para ganarse su lugar en el certamen continental. Ya fue part\u00edcipe de una preselecci\u00f3n a principio de este a\u00f1o y de uno de los dos campamentos de talentos organizados por CABB.<\/p>\n<p style=\"text-align: justify;\">Actualmente, \u00abLolo\u00bb es parte del plantel de Regatas que compite en los playoffs de la Liga Federal y l\u00f3gicamente juega el Torneo Local y la Liga Provincial con su categor\u00eda U19, representando al \u00abCele\u00bb.<\/p>\n<p style=\"text-align: justify;\">El jugador nacido en San Jos\u00e9, Entre R\u00edos, habl\u00f3 sobre sus sensaciones al enterarse que ser\u00eda parte una vez m\u00e1s de una preselecci\u00f3n argentina, \u201crespecto a la noticia estoy muy emocionado y con muchas ganas de ir a dejar todo para poder representar a Argentina. Me prepar\u00e9 entrenando muy duro para llegar de la mejor manera posible\u201d.<\/p>\n<p style=\"text-align: justify;\">Adem\u00e1s, Lolo hizo referencia a su presente en Regatas, ya que entrena d\u00eda a d\u00eda con el plantel del Federal y ha sumado minutos en la competencia oficial, \u201cen Regatas estoy aprendiendo much\u00edsimas cosas, tanto en lo deportivo, como de los entrenadores, tambi\u00e9n en lo personal con mis compa\u00f1eros y sumo a toda la gente del Club que es muy amable y est\u00e1 siempre a disposici\u00f3n de lo que necesitemos\u201d. Y agreg\u00f3, \u201cen esta temporada de la Liga Federal aprend\u00ed muchas cosas. Formar parte de un equipo profesional con jugadores de experiencia siempre es muy positivo para los m\u00e1s chicos que estamos empezando nuestro camino.\u201d<\/p>\n<p style=\"text-align: justify;\">Por \u00faltimo, el deportista de 18 a\u00f1os, hizo hincapi\u00e9 en sus objetivos personales y en el cambio de vida que le gener\u00f3 llegar a fines del 2021 a Concepci\u00f3n del Uruguay, para ser parte del plantel de Regatas Uruguay: \u201cPersonalmente me gusta proponerme objetivos a corto plazo, este es un a\u00f1o de much\u00edsimos cambios, ya no vivir con mis padres, empezar la facultad, sin mis compa\u00f1eros y amigos de toda la vida, entre otras cosas.\u201d Y sum\u00f3 adem\u00e1s, \u201cquiero llegar lo m\u00e1s lejos posible en todas las competencias con Regatas, dar lo mejor de m\u00ed con la selecci\u00f3n y poder ganarme un lugar en el equipo.\u201d<\/p>\n<p>&nbsp;<\/p>\n","protected":false},"excerpt":{"rendered":"<p>Este martes comenzaron los entrenamientos en las instalaciones del CENARD, en la ciudad de Buenos Aires, del Preseleccionado Argentino U18 con la participaci\u00f3n de 20 deportistas de los cuales surgir\u00e1n los jugadores definitivos que representar\u00e1n a nuestro pa\u00eds en el pr\u00f3ximo\u00a0torneo FIBA Am\u00e9ricas, que tendr\u00e1 lugar entre el 6 y 12 de junio. Lorenzo Benay [&hellip;]<\/p>\n","protected":false},"author":1,"featured_media":14274,"comment_status":"closed","ping_status":"open","sticky":false,"template":"","format":"standard","meta":[],"categories":[19],"tags":[635],"_links":{"self":[{"href":"https:\/\/entreriosbasquet.com\/site\/wp-json\/wp\/v2\/posts\/14273"}],"collection":[{"href":"https:\/\/entreriosbasquet.com\/site\/wp-json\/wp\/v2\/posts"}],"about":[{"href":"https:\/\/entreriosbasquet.com\/site\/wp-json\/wp\/v2\/types\/post"}],"author":[{"embeddable":true,"href":"https:\/\/entreriosbasquet.com\/site\/wp-json\/wp\/v2\/users\/1"}],"replies":[{"embeddable":true,"href":"https:\/\/entreriosbasquet.com\/site\/wp-json\/wp\/v2\/comments?post=14273"}],"version-history":[{"count":1,"href":"https:\/\/entreriosbasquet.com\/site\/wp-json\/wp\/v2\/posts\/14273\/revisions"}],"predecessor-version":[{"id":14275,"href":"https:\/\/entreriosbasquet.com\/site\/wp-json\/wp\/v2\/posts\/14273\/revisions\/14275"}],"wp:featuredmedia":[{"embeddable":true,"href":"https:\/\/entreriosbasquet.com\/site\/wp-json\/wp\/v2\/media\/14274"}],"wp:attachment":[{"href":"https:\/\/entreriosbasquet.com\/site\/wp-json\/wp\/v2\/media?parent=14273"}],"wp:term":[{"taxonomy":"category","embeddable":true,"href":"https:\/\/entreriosbasquet.com\/site\/wp-json\/wp\/v2\/categories?post=14273"},{"taxonomy":"post_tag","embeddable":true,"href":"https:\/\/entreriosbasquet.com\/site\/wp-json\/wp\/v2\/tags?post=14273"}],"curies":[{"name":"wp","href":"https:\/\/api.w.org\/{rel}","templated":true}]}}