{"id":14270,"date":"2022-05-10T09:35:42","date_gmt":"2022-05-10T12:35:42","guid":{"rendered":"http:\/\/entreriosbasquet.com\/site\/?p=14270"},"modified":"2022-05-11T09:37:37","modified_gmt":"2022-05-11T12:37:37","slug":"se-viene-la-semana-nacional-del-minibasquet","status":"publish","type":"post","link":"https:\/\/entreriosbasquet.com\/site\/2022\/05\/10\/se-viene-la-semana-nacional-del-minibasquet\/","title":{"rendered":"Se viene la \u201cSemana Nacional del Minib\u00e1squet\u00bb"},"content":{"rendered":"<p style=\"text-align: justify;\">La Comisi\u00f3n Entrerriana de Minib\u00e1squet (CEM), dependiente de la Federaci\u00f3n Entrerriana, prepara los Festejos Provinciales de la \u201cSemana Nacional del Minibasquet\u201d, que ha sido fijada con motivo del d\u00eda 25 de mayo.<\/p>\n<p style=\"text-align: justify;\">Despu\u00e9s de los tiempos dificultosos de pandemia, los chicos volver\u00e1n a verse las caras de manera presencial en lo que ser\u00e1 la 10\u00b0 edici\u00f3n del \u201cD\u00eda Nacional del Minib\u00e1squet\u201d en Entre R\u00edos. Para esta jornada las Asociaciones, conjuntamente con la CEM, organizar\u00e1n Encuentros en diferentes localidades del suelo entrerriano.<\/p>\n<p style=\"text-align: justify;\">El objetivo ser\u00e1 movilizar la mayor cantidad posible de minibasquetbolistas de nuestra provincia, reforzar las acciones de cada instituci\u00f3n (Asociaci\u00f3n) en esta materia y fortalecer los lazos de pertenencia desde edades tempranas en el \u00e1mbito local.<\/p>\n<p style=\"text-align: justify;\">En este marco, se buscar\u00e1 se buscar\u00e1 impulsar e incluir a entidades no afiliadas y escuelas iniciales buscando integrar y generar un impacto en la comunidad.<\/p>\n<p style=\"text-align: justify;\">Sin dudas ser\u00e1 una jornada muy importante para los dirigentes (asociativos y de clubes), jugadores y familias en general que todos los d\u00edas ponen su granito de arena para que el Minib\u00e1squet sea una verdadera fiesta. Ya nos vamos preparando para volver a encontrarnos en una cancha, compartir con amigos y vivir a pleno la \u201cSemana Nacional del Minibasquet\u201d.<\/p>\n","protected":false},"excerpt":{"rendered":"<p>La Comisi\u00f3n Entrerriana de Minib\u00e1squet (CEM), dependiente de la Federaci\u00f3n Entrerriana, prepara los Festejos Provinciales de la \u201cSemana Nacional del Minibasquet\u201d, que ha sido fijada con motivo del d\u00eda 25 de mayo. Despu\u00e9s de los tiempos dificultosos de pandemia, los chicos volver\u00e1n a verse las caras de manera presencial en lo que ser\u00e1 la 10\u00b0 [&hellip;]<\/p>\n","protected":false},"author":1,"featured_media":14271,"comment_status":"closed","ping_status":"open","sticky":false,"template":"","format":"standard","meta":[],"categories":[20],"tags":[],"_links":{"self":[{"href":"https:\/\/entreriosbasquet.com\/site\/wp-json\/wp\/v2\/posts\/14270"}],"collection":[{"href":"https:\/\/entreriosbasquet.com\/site\/wp-json\/wp\/v2\/posts"}],"about":[{"href":"https:\/\/entreriosbasquet.com\/site\/wp-json\/wp\/v2\/types\/post"}],"author":[{"embeddable":true,"href":"https:\/\/entreriosbasquet.com\/site\/wp-json\/wp\/v2\/users\/1"}],"replies":[{"embeddable":true,"href":"https:\/\/entreriosbasquet.com\/site\/wp-json\/wp\/v2\/comments?post=14270"}],"version-history":[{"count":1,"href":"https:\/\/entreriosbasquet.com\/site\/wp-json\/wp\/v2\/posts\/14270\/revisions"}],"predecessor-version":[{"id":14272,"href":"https:\/\/entreriosbasquet.com\/site\/wp-json\/wp\/v2\/posts\/14270\/revisions\/14272"}],"wp:featuredmedia":[{"embeddable":true,"href":"https:\/\/entreriosbasquet.com\/site\/wp-json\/wp\/v2\/media\/14271"}],"wp:attachment":[{"href":"https:\/\/entreriosbasquet.com\/site\/wp-json\/wp\/v2\/media?parent=14270"}],"wp:term":[{"taxonomy":"category","embeddable":true,"href":"https:\/\/entreriosbasquet.com\/site\/wp-json\/wp\/v2\/categories?post=14270"},{"taxonomy":"post_tag","embeddable":true,"href":"https:\/\/entreriosbasquet.com\/site\/wp-json\/wp\/v2\/tags?post=14270"}],"curies":[{"name":"wp","href":"https:\/\/api.w.org\/{rel}","templated":true}]}}