{"id":14136,"date":"2022-03-23T11:40:46","date_gmt":"2022-03-23T14:40:46","guid":{"rendered":"http:\/\/entreriosbasquet.com\/site\/?p=14136"},"modified":"2022-03-23T18:21:43","modified_gmt":"2022-03-23T21:21:43","slug":"la-preseleccion-apbf-u15-comenzo-a-entrenar","status":"publish","type":"post","link":"https:\/\/entreriosbasquet.com\/site\/2022\/03\/23\/la-preseleccion-apbf-u15-comenzo-a-entrenar\/","title":{"rendered":"La Preselecci\u00f3n APBF U15 comenz\u00f3 a entrenar"},"content":{"rendered":"<p style=\"text-align: justify;\">Este martes, comenzaron los entrenamientos de la Preselecci\u00f3n U15 Femenina de Paran\u00e1 de cara al Campeonato Entrerriano de Selecciones Femeninas de dicha categor\u00eda.<\/p>\n<p style=\"text-align: justify;\">Con Dar\u00edo Albornoz \u2013DT Principal- , Nadia Carrero \u2013 Asistente T\u00e9cnica- y Sof\u00eda Vidal \u2013 Preparadora F\u00edsica- dieron inicio los entrenamientos, en el club San Agust\u00edn, las 19 jugadoras convocadas a la preselecci\u00f3n.<\/p>\n<p style=\"text-align: justify;\">El segundo est\u00edmulo de la semana ser\u00e1 este jueves 24 de marzo, en el club Talleres a las 10 de la ma\u00f1ana.<\/p>\n<p style=\"text-align: justify;\">Todo en preparaci\u00f3n para el Entrerriano que se disputar\u00e1 los d\u00edas 23 y 24 de abril en Paran\u00e1.<\/p>\n<p><em><strong><span style=\"color: #ff0000;\">JUGADORAS CONVOCADAS A LA PRESELECCI\u00d3N:<\/span><\/strong><\/em><\/p>\n<p>1.\u00a0Claria, Emilia\u00a0(Talleres)<\/p>\n<p>2.\u00a0Roldan, Zahira\u00a0(Talleres)<\/p>\n<p>3.\u00a0Garz\u00f3n Kunzke, Sara\u00a0(Estudiantes)<\/p>\n<p>4.\u00a0L\u00f3pez Beron, Agustina\u00a0(Estudiantes)<\/p>\n<p>5.\u00a0Pujol, Mar\u00eda Sol\u00a0(Estudiantes)<\/p>\n<p>6. Gonz\u00e1lez, Ludmila\u00a0(Estudiantes)<\/p>\n<p>7.\u00a0Llorens, Matilde\u00a0(Estudiantes)<\/p>\n<p>8.\u00a0\u00c1lvarez, Josefina\u00a0(Estudiantes)<\/p>\n<p>9.\u00a0Valente, Carmela\u00a0(Estudiantes)<\/p>\n<p>10.\u00a0Mart\u00ednez\u00a0 Marigniac, Iara\u00a0(San Agust\u00edn)<\/p>\n<p>11.\u00a0Hlede, Sara\u00a0(Rowing)<\/p>\n<p>12.\u00a0Osuna, Sof\u00eda\u00a0(Rowing)<\/p>\n<p>13.\u00a0Alonso, Julieta\u00a0\u00a0(Paracao)<\/p>\n<p>14.\u00a0Carrere, Virginia\u00a0(Paracao)<\/p>\n<p>15.\u00a0Scheifler, Florencia\u00a0(Paracao)<\/p>\n<p>16.\u00a0Mitre, Lola\u00a0(Paracao)<\/p>\n<p>17.\u00a0Mencia, Victoria\u00a0(Paracao)<\/p>\n<p>18. Chiara, Joselin\u00a0(Paracao)<\/p>\n<p>19.\u00a0Pellegrini, Virginia\u00a0(Echag\u00fce).<\/p>\n<p>DT:\u00a0Dar\u00edo Albornoz.<\/p>\n<p>AT:\u00a0Nadia Carrero.<\/p>\n<p>PF:\u00a0Sof\u00eda Vidal.<\/p>\n","protected":false},"excerpt":{"rendered":"<p>Este martes, comenzaron los entrenamientos de la Preselecci\u00f3n U15 Femenina de Paran\u00e1 de cara al Campeonato Entrerriano de Selecciones Femeninas de dicha categor\u00eda. Con Dar\u00edo Albornoz \u2013DT Principal- , Nadia Carrero \u2013 Asistente T\u00e9cnica- y Sof\u00eda Vidal \u2013 Preparadora F\u00edsica- dieron inicio los entrenamientos, en el club San Agust\u00edn, las 19 jugadoras convocadas a la [&hellip;]<\/p>\n","protected":false},"author":1,"featured_media":14137,"comment_status":"closed","ping_status":"open","sticky":false,"template":"","format":"standard","meta":[],"categories":[21],"tags":[],"_links":{"self":[{"href":"https:\/\/entreriosbasquet.com\/site\/wp-json\/wp\/v2\/posts\/14136"}],"collection":[{"href":"https:\/\/entreriosbasquet.com\/site\/wp-json\/wp\/v2\/posts"}],"about":[{"href":"https:\/\/entreriosbasquet.com\/site\/wp-json\/wp\/v2\/types\/post"}],"author":[{"embeddable":true,"href":"https:\/\/entreriosbasquet.com\/site\/wp-json\/wp\/v2\/users\/1"}],"replies":[{"embeddable":true,"href":"https:\/\/entreriosbasquet.com\/site\/wp-json\/wp\/v2\/comments?post=14136"}],"version-history":[{"count":1,"href":"https:\/\/entreriosbasquet.com\/site\/wp-json\/wp\/v2\/posts\/14136\/revisions"}],"predecessor-version":[{"id":14138,"href":"https:\/\/entreriosbasquet.com\/site\/wp-json\/wp\/v2\/posts\/14136\/revisions\/14138"}],"wp:featuredmedia":[{"embeddable":true,"href":"https:\/\/entreriosbasquet.com\/site\/wp-json\/wp\/v2\/media\/14137"}],"wp:attachment":[{"href":"https:\/\/entreriosbasquet.com\/site\/wp-json\/wp\/v2\/media?parent=14136"}],"wp:term":[{"taxonomy":"category","embeddable":true,"href":"https:\/\/entreriosbasquet.com\/site\/wp-json\/wp\/v2\/categories?post=14136"},{"taxonomy":"post_tag","embeddable":true,"href":"https:\/\/entreriosbasquet.com\/site\/wp-json\/wp\/v2\/tags?post=14136"}],"curies":[{"name":"wp","href":"https:\/\/api.w.org\/{rel}","templated":true}]}}