{"id":14119,"date":"2022-03-16T18:09:05","date_gmt":"2022-03-16T21:09:05","guid":{"rendered":"http:\/\/entreriosbasquet.com\/site\/?p=14119"},"modified":"2022-03-16T18:09:05","modified_gmt":"2022-03-16T21:09:05","slug":"lo-que-dejo-el-campus-pnf-femenino-en-parana","status":"publish","type":"post","link":"https:\/\/entreriosbasquet.com\/site\/2022\/03\/16\/lo-que-dejo-el-campus-pnf-femenino-en-parana\/","title":{"rendered":"Lo que dej\u00f3 el Campus PNF Femenino en Paran\u00e1"},"content":{"rendered":"<p style=\"text-align: justify;\">Con marcado \u00e9xito e importante repercusi\u00f3n, durante el \u00faltimo fin de semana Paran\u00e1 recibi\u00f3 el primer campamento presencial del Proyecto Nacional Formativo (PNF). Se desarroll\u00f3 los d\u00edas s\u00e1bado 12 y domingo 13, con la participaci\u00f3n de 28 j\u00f3venes jugadoras que estuvieron bajo las \u00f3rdenes y coordinaci\u00f3n del staff de la Selecci\u00f3n Argentina.<\/p>\n<p style=\"text-align: justify;\">La iniciativa de estos campamentos presenciales surgi\u00f3 con la idea de tener contacto directo con las jugadoras, e incluso con entrenadores\/as, de todo el pa\u00eds. Fue el primero de los campamentos programados para este 2022, recordando que el proyecto hoy tiene estipulados cerca de 8 eventos de este tipo. En esta ocasi\u00f3n, la CAB cont\u00f3 con el apoyo de la Federaci\u00f3n de Entre R\u00edos (FBER) y la Asociaci\u00f3n Paranaense de B\u00e1squet Femenino (APBF), como parte de la organizaci\u00f3n que le abri\u00f3 las puertas al PNF.<\/p>\n<p style=\"text-align: justify;\">De este primer campus participaron Mariano Marcos (Coordinador de Selecciones Formativas), Laura Gonz\u00e1lez y Paula Budini (ambas parte del staff de entrenadores), Gisela Marcos Castillo (preparadora f\u00edsica) y Karina Rodr\u00edguez (Directora Nacional). Se invit\u00f3 a entrenadores y preparadores f\u00edsicos locales como colaboradores, caso Cristian G\u00f3mez, Jorge Balbis, Daniel Albornoz, Nadia Carrero y Cristian Romanotti. Fueron dos intensas jornadas desarrolladas en las instituciones Paracao y Estudiantes de Paran\u00e1.<\/p>\n<p style=\"text-align: justify;\">Las actividades arrancaron el s\u00e1bado por la ma\u00f1ana en Estudiantes, tras una presentaci\u00f3n formal que luego continu\u00f3 con diferentes estaciones de t\u00e9cnica individual y colectiva, m\u00e1s estaciones de tiro. Adem\u00e1s se hizo hincapi\u00e9 en la preparaci\u00f3n f\u00edsica, tanto previa como posterior a cada entrenamiento. Esto se repiti\u00f3 en las tres tandas que se realizaron durante el fin de semana, tanto el s\u00e1bado en la jornada matutina y por la tarde, como as\u00ed tambi\u00e9n el domingo por la ma\u00f1ana en Paracao. Sobre el final se jugaron partidos de 5 contra 5 y competencias de lanzamientos.<\/p>\n<p style=\"text-align: justify;\"><img decoding=\"async\" loading=\"lazy\" class=\"alignnone size-full wp-image-14122\" src=\"http:\/\/entreriosbasquet.com\/site\/wp-content\/uploads\/2022\/03\/dsc_0355.jpg\" alt=\"\" width=\"1148\" height=\"765\" srcset=\"https:\/\/entreriosbasquet.com\/site\/wp-content\/uploads\/2022\/03\/dsc_0355.jpg 1148w, https:\/\/entreriosbasquet.com\/site\/wp-content\/uploads\/2022\/03\/dsc_0355-300x200.jpg 300w, https:\/\/entreriosbasquet.com\/site\/wp-content\/uploads\/2022\/03\/dsc_0355-768x512.jpg 768w, https:\/\/entreriosbasquet.com\/site\/wp-content\/uploads\/2022\/03\/dsc_0355-1024x682.jpg 1024w, https:\/\/entreriosbasquet.com\/site\/wp-content\/uploads\/2022\/03\/dsc_0355-696x464.jpg 696w, https:\/\/entreriosbasquet.com\/site\/wp-content\/uploads\/2022\/03\/dsc_0355-1068x712.jpg 1068w, https:\/\/entreriosbasquet.com\/site\/wp-content\/uploads\/2022\/03\/dsc_0355-630x420.jpg 630w\" sizes=\"(max-width: 1148px) 100vw, 1148px\" \/><\/p>\n<p style=\"text-align: justify;\">\u201cTrabajamos un total de 9 horas en cancha entre los dos d\u00edas, 6 el s\u00e1bado y otras 3 el domingo. Trabajamos estaciones, t\u00e9cnica individual, conceptos ofensivos y defensivos, valorar un poco tambi\u00e9n las sesiones de tiro, pero abarcando m\u00e1s que nada la simplicidad y entendiendo que apuntamos a la mejora de la t\u00e9cnica individual y a la mejora de la lectura de juego en base a los conceptos. En abril, despu\u00e9s del Sudamericano, vamos a seguir replic\u00e1ndolo en otras provincias a lo largo de todo el a\u00f1o\u201d, cont\u00f3 Marcos en di\u00e1logo con Prensa CAB.<\/p>\n<p style=\"text-align: justify;\">Se recalc\u00f3 sobre la importancia de sumar horas de entrenamiento, adem\u00e1s de los detalles a corregir tanto en t\u00e9cnica como en la parte conceptual y f\u00edsica. Adem\u00e1s, desde el staff CAB se realiz\u00f3 una charla con dirigentes, entrenadores y preparadores f\u00edsicos de Entre R\u00edos para transmitirles los detalles y pormenores del PNF, desde su planificaci\u00f3n pero tambi\u00e9n desde los objetivos y hacia ad\u00f3nde apunta el trabajo que viene desarroll\u00e1ndose.<\/p>\n<p style=\"text-align: justify;\">\u201cMostramos los detalles de la t\u00e9cnica individual tanto ofensivos como defensivos b\u00e1sicos que desear\u00edamos que apliquen en las selecciones provinciales y\/o clubes, ahondando en la simplicidad a la hora de trabajar. Tambi\u00e9n todo lo que estamos haciendo con el PNF y los campus de desarrollo, sean los que hicimos en enero-febrero como estos que iniciamos ahora en Entre R\u00edos, as\u00ed como el trabajo que venimos haciendo con las selecciones formativas como la mayor, no s\u00f3lo en la parte t\u00e9cnico-t\u00e1ctica sino tambi\u00e9n refiri\u00e9ndonos a la parte de preparaci\u00f3n f\u00edsica y el aspecto dirigencial-organizativo. Hubo mucha aceptaci\u00f3n\u201d, explic\u00f3 el Coordinador de Formativas.<\/p>\n<p style=\"text-align: justify;\">Si bien ahora la Selecci\u00f3n se abocar\u00e1 al Sudamericano U18 que se jugar\u00e1 del 3 al 9 de abril en el estadio de Obras, la actividad con el PNF no cesar\u00e1 y los campamentos presenciales se retomar\u00e1n post torneo. En los pr\u00f3ximos d\u00edas, se confirmar\u00e1n los detalles de la segunda sede.<\/p>\n","protected":false},"excerpt":{"rendered":"<p>Con marcado \u00e9xito e importante repercusi\u00f3n, durante el \u00faltimo fin de semana Paran\u00e1 recibi\u00f3 el primer campamento presencial del Proyecto Nacional Formativo (PNF). Se desarroll\u00f3 los d\u00edas s\u00e1bado 12 y domingo 13, con la participaci\u00f3n de 28 j\u00f3venes jugadoras que estuvieron bajo las \u00f3rdenes y coordinaci\u00f3n del staff de la Selecci\u00f3n Argentina. La iniciativa de [&hellip;]<\/p>\n","protected":false},"author":1,"featured_media":14121,"comment_status":"closed","ping_status":"open","sticky":false,"template":"","format":"standard","meta":[],"categories":[21],"tags":[],"_links":{"self":[{"href":"https:\/\/entreriosbasquet.com\/site\/wp-json\/wp\/v2\/posts\/14119"}],"collection":[{"href":"https:\/\/entreriosbasquet.com\/site\/wp-json\/wp\/v2\/posts"}],"about":[{"href":"https:\/\/entreriosbasquet.com\/site\/wp-json\/wp\/v2\/types\/post"}],"author":[{"embeddable":true,"href":"https:\/\/entreriosbasquet.com\/site\/wp-json\/wp\/v2\/users\/1"}],"replies":[{"embeddable":true,"href":"https:\/\/entreriosbasquet.com\/site\/wp-json\/wp\/v2\/comments?post=14119"}],"version-history":[{"count":1,"href":"https:\/\/entreriosbasquet.com\/site\/wp-json\/wp\/v2\/posts\/14119\/revisions"}],"predecessor-version":[{"id":14123,"href":"https:\/\/entreriosbasquet.com\/site\/wp-json\/wp\/v2\/posts\/14119\/revisions\/14123"}],"wp:featuredmedia":[{"embeddable":true,"href":"https:\/\/entreriosbasquet.com\/site\/wp-json\/wp\/v2\/media\/14121"}],"wp:attachment":[{"href":"https:\/\/entreriosbasquet.com\/site\/wp-json\/wp\/v2\/media?parent=14119"}],"wp:term":[{"taxonomy":"category","embeddable":true,"href":"https:\/\/entreriosbasquet.com\/site\/wp-json\/wp\/v2\/categories?post=14119"},{"taxonomy":"post_tag","embeddable":true,"href":"https:\/\/entreriosbasquet.com\/site\/wp-json\/wp\/v2\/tags?post=14119"}],"curies":[{"name":"wp","href":"https:\/\/api.w.org\/{rel}","templated":true}]}}