{"id":14116,"date":"2022-03-15T05:10:58","date_gmt":"2022-03-15T08:10:58","guid":{"rendered":"http:\/\/entreriosbasquet.com\/site\/?p=14116"},"modified":"2022-03-15T07:15:27","modified_gmt":"2022-03-15T10:15:27","slug":"central-mueve-el-tablero-no-continua-el-dt-gaston-fernandez","status":"publish","type":"post","link":"https:\/\/entreriosbasquet.com\/site\/2022\/03\/15\/central-mueve-el-tablero-no-continua-el-dt-gaston-fernandez\/","title":{"rendered":"Central mueve el tablero: No contin\u00faa el DT Gast\u00f3n Fern\u00e1ndez"},"content":{"rendered":"<p style=\"text-align: justify;\">El entrenador bahiense firm\u00f3 de com\u00fan acuerdo con la dirigencia Rojinegra su desvinculaci\u00f3n del cargo, a ra\u00edz de los flojos resultados conseguidos que ubican al equipo en los puestos del fondo de la tabla.<\/p>\n<p style=\"text-align: justify;\">Luego de haberle ganado con el tiro del final a Capuchinos en la noche del domingo y producto de la mala campa\u00f1a realizada, la dirigencia de Central Entrerriano, de com\u00fan acuerdo con el entrenador Gast\u00f3n Fern\u00e1ndez, acordaron la desvinculaci\u00f3n del t\u00e9cnico bahiense del equipo centralista, que marcha en el lote del fondo en las posiciones de la Liga Federal.<\/p>\n<p style=\"text-align: justify;\">A trav\u00e9s de un comunicado enviado a los medios y publicado en redes sociales, la entidad Rojinegra expres\u00f3 que \u201cAnunciamos que Gast\u00f3n Fern\u00e1ndez no seguir\u00e1 siendo el entrenador del equipo Rojinegro en la Liga Federal. De com\u00fan acuerdo se ha firmado la desvinculaci\u00f3n de la instituci\u00f3n. Agradecemos el compromiso de estos meses y deseamos lo mejor para su futuro\u201d.<\/p>\n<p style=\"text-align: justify;\">La campa\u00f1a de Central ha estado muy lejos de lo esperado, Gast\u00f3n Fern\u00e1ndez tuvo a su cargo el armado del equipo y los resultados no han sido los esperados, con un r\u00e9cord de cuatro victorias y siete ca\u00eddas que ubican a Central en el lote del fondo de la tabla. Si bien el entrenador se mostr\u00f3 con entereza para poder revertir la situaci\u00f3n, finalmente la dirigencia Rojinegra tom\u00f3 la decisi\u00f3n de finalizar el v\u00ednculo y en la tarde del lunes se confirm\u00f3 el acuerdo para la salida del t\u00e9cnico bahiense de la entidad.<\/p>\n<p style=\"text-align: justify;\">De acuerdo a lo expresado a ElDia por el presidente de Central Entrerriano, Francisco Claret, \u201cel equipo va a quedar a cargo de Jer\u00f3nimo D\u00edaz V\u00e9lez y Gabriel D\u00edaz, que formaban parte del cuerpo t\u00e9cnico como asistentes de Fern\u00e1ndez. No estamos en condiciones de salir a conseguir un entrenador, quedan dos meses de competencia en la fase regular y estamos convencidos que, con un par de buenos resultados, se puede revertir esta complicada situaci\u00f3n\u201d.<\/p>\n<p style=\"text-align: justify;\">El concordiense Jer\u00f3nimo D\u00edaz V\u00e9lez se hab\u00eda sumado a principios de a\u00f1o a Central para encabezar el proyecto de divisiones formativas junto a Gaby D\u00edaz y tambi\u00e9n hab\u00eda ocupado el cargo de asistente del primer equipo con motivo de la ausencia de D\u00edaz en algunos encuentros. Ahora ser\u00e1n quienes queden a cargo del equipo, que por el momento no tendr\u00e1 cambios en su estructura.<\/p>\n","protected":false},"excerpt":{"rendered":"<p>El entrenador bahiense firm\u00f3 de com\u00fan acuerdo con la dirigencia Rojinegra su desvinculaci\u00f3n del cargo, a ra\u00edz de los flojos resultados conseguidos que ubican al equipo en los puestos del fondo de la tabla. Luego de haberle ganado con el tiro del final a Capuchinos en la noche del domingo y producto de la mala [&hellip;]<\/p>\n","protected":false},"author":1,"featured_media":14117,"comment_status":"closed","ping_status":"open","sticky":false,"template":"","format":"standard","meta":[],"categories":[16],"tags":[52,632],"_links":{"self":[{"href":"https:\/\/entreriosbasquet.com\/site\/wp-json\/wp\/v2\/posts\/14116"}],"collection":[{"href":"https:\/\/entreriosbasquet.com\/site\/wp-json\/wp\/v2\/posts"}],"about":[{"href":"https:\/\/entreriosbasquet.com\/site\/wp-json\/wp\/v2\/types\/post"}],"author":[{"embeddable":true,"href":"https:\/\/entreriosbasquet.com\/site\/wp-json\/wp\/v2\/users\/1"}],"replies":[{"embeddable":true,"href":"https:\/\/entreriosbasquet.com\/site\/wp-json\/wp\/v2\/comments?post=14116"}],"version-history":[{"count":1,"href":"https:\/\/entreriosbasquet.com\/site\/wp-json\/wp\/v2\/posts\/14116\/revisions"}],"predecessor-version":[{"id":14118,"href":"https:\/\/entreriosbasquet.com\/site\/wp-json\/wp\/v2\/posts\/14116\/revisions\/14118"}],"wp:featuredmedia":[{"embeddable":true,"href":"https:\/\/entreriosbasquet.com\/site\/wp-json\/wp\/v2\/media\/14117"}],"wp:attachment":[{"href":"https:\/\/entreriosbasquet.com\/site\/wp-json\/wp\/v2\/media?parent=14116"}],"wp:term":[{"taxonomy":"category","embeddable":true,"href":"https:\/\/entreriosbasquet.com\/site\/wp-json\/wp\/v2\/categories?post=14116"},{"taxonomy":"post_tag","embeddable":true,"href":"https:\/\/entreriosbasquet.com\/site\/wp-json\/wp\/v2\/tags?post=14116"}],"curies":[{"name":"wp","href":"https:\/\/api.w.org\/{rel}","templated":true}]}}