{"id":14113,"date":"2022-03-15T07:10:49","date_gmt":"2022-03-15T10:10:49","guid":{"rendered":"http:\/\/entreriosbasquet.com\/site\/?p=14113"},"modified":"2022-03-15T07:10:49","modified_gmt":"2022-03-15T10:10:49","slug":"gustavo-agasse-no-seguira-al-frente-de-olimpia","status":"publish","type":"post","link":"https:\/\/entreriosbasquet.com\/site\/2022\/03\/15\/gustavo-agasse-no-seguira-al-frente-de-olimpia\/","title":{"rendered":"Gustavo Agasse no seguir\u00e1 al frente de Olimpia"},"content":{"rendered":"<p style=\"text-align: justify;\">Este lunes por la tarde, y de com\u00fan acuerdo con la Comisi\u00f3n Directiva del Club Atl\u00e9tico Olimpia, Gustavo Agasse dej\u00f3 de ser el t\u00e9cnico del primer equipo \u00abazulgrana\u00bb que participa de la Liga Federal, tercer instancia del b\u00e1squet a nivel nacional.<\/p>\n<p style=\"text-align: justify;\">\u00abAgradecemos enormemente el trabajo realizado por \u00e9l durante este tiempo, sabiendo el amor y el gran cari\u00f1o que\u00a0el Flaco\u00a0tiene con los colores de nuestro club, del cual siempre va a ser una parte muy importante en nuestra historia\u00bb, expresa el comunicado enviado por la entidad.<\/p>\n<p style=\"text-align: justify;\">En la Divisi\u00f3n Entre R\u00edos, Olimpia se encuentra ubicado en la 13\u00b0 posici\u00f3n con marca de 3 victorias y 8 derrotas. Durante la pasada semana el CAO acumul\u00f3 dos abultadas derrotas (80-59 vs. Racing en Gualeguaych\u00fa) y (68-52 vs. San Jos\u00e9 en el Pietranera) que fueron el detonante para la salida del DT campe\u00f3n de la Liga Provincial 2017.<\/p>\n<p style=\"text-align: justify;\">El equipo continuar\u00e1 bajo las \u00f3rdenes de Marco Percara y Juan Gastaldo, quienes ven\u00edan trabajando en el cuerpo t\u00e9cnico con Agasse.<\/p>\n","protected":false},"excerpt":{"rendered":"<p>Este lunes por la tarde, y de com\u00fan acuerdo con la Comisi\u00f3n Directiva del Club Atl\u00e9tico Olimpia, Gustavo Agasse dej\u00f3 de ser el t\u00e9cnico del primer equipo \u00abazulgrana\u00bb que participa de la Liga Federal, tercer instancia del b\u00e1squet a nivel nacional. \u00abAgradecemos enormemente el trabajo realizado por \u00e9l durante este tiempo, sabiendo el amor y [&hellip;]<\/p>\n","protected":false},"author":1,"featured_media":14114,"comment_status":"closed","ping_status":"open","sticky":false,"template":"","format":"standard","meta":[],"categories":[16],"tags":[],"_links":{"self":[{"href":"https:\/\/entreriosbasquet.com\/site\/wp-json\/wp\/v2\/posts\/14113"}],"collection":[{"href":"https:\/\/entreriosbasquet.com\/site\/wp-json\/wp\/v2\/posts"}],"about":[{"href":"https:\/\/entreriosbasquet.com\/site\/wp-json\/wp\/v2\/types\/post"}],"author":[{"embeddable":true,"href":"https:\/\/entreriosbasquet.com\/site\/wp-json\/wp\/v2\/users\/1"}],"replies":[{"embeddable":true,"href":"https:\/\/entreriosbasquet.com\/site\/wp-json\/wp\/v2\/comments?post=14113"}],"version-history":[{"count":1,"href":"https:\/\/entreriosbasquet.com\/site\/wp-json\/wp\/v2\/posts\/14113\/revisions"}],"predecessor-version":[{"id":14115,"href":"https:\/\/entreriosbasquet.com\/site\/wp-json\/wp\/v2\/posts\/14113\/revisions\/14115"}],"wp:featuredmedia":[{"embeddable":true,"href":"https:\/\/entreriosbasquet.com\/site\/wp-json\/wp\/v2\/media\/14114"}],"wp:attachment":[{"href":"https:\/\/entreriosbasquet.com\/site\/wp-json\/wp\/v2\/media?parent=14113"}],"wp:term":[{"taxonomy":"category","embeddable":true,"href":"https:\/\/entreriosbasquet.com\/site\/wp-json\/wp\/v2\/categories?post=14113"},{"taxonomy":"post_tag","embeddable":true,"href":"https:\/\/entreriosbasquet.com\/site\/wp-json\/wp\/v2\/tags?post=14113"}],"curies":[{"name":"wp","href":"https:\/\/api.w.org\/{rel}","templated":true}]}}