{"id":14008,"date":"2022-02-15T22:26:27","date_gmt":"2022-02-16T01:26:27","guid":{"rendered":"http:\/\/entreriosbasquet.com\/site\/?p=14008"},"modified":"2022-02-15T22:26:27","modified_gmt":"2022-02-16T01:26:27","slug":"matute-solanas-sera-parte-de-la-ventana-fiba-con-la-seleccion","status":"publish","type":"post","link":"https:\/\/entreriosbasquet.com\/site\/2022\/02\/15\/matute-solanas-sera-parte-de-la-ventana-fiba-con-la-seleccion\/","title":{"rendered":"\u00abMatute\u00bb Solanas ser\u00e1 parte de la Ventana FIBA con la Selecci\u00f3n"},"content":{"rendered":"<p style=\"text-align: justify;\">En vistas a lo que ser\u00e1 la segunda ventana clasificatoria rumbo a la Copa del Mundo FIBA 2023, la Selecci\u00f3n comienza a definir su camino y afina detalles para los partidos que disputar\u00e1 los d\u00edas viernes 25 y s\u00e1bado 26 de febrero. En este orden, Argentina ya tiene la convocatoria final para dicha doble fecha, con una n\u00f3mina conformada por 15 jugadores, entre ellos en entrerriano <strong>Mat\u00edas \u00abMatute\u00bb Solanas<\/strong>.<\/p>\n<p style=\"text-align: justify;\">Argentina se enfrentar\u00e1 a Venezuela y Panam\u00e1, en la continuidad del Grupo A. La lista confeccionada por el cuerpo t\u00e9cnico comandado por el entrenador N\u00e9stor Garc\u00eda repite varios nombres de la ventana anterior jugada en noviembre, con muchos protagonistas de La Liga Nacional y tambi\u00e9n la aparici\u00f3n de figuras del exterior.<\/p>\n<p style=\"text-align: justify;\">\u201cSabemos que tenemos una Eliminatoria dif\u00edcil y estoy muy agradecido al Consejo Directivo de la CAB y a su presidente por el esfuerzo que hacen para traer jugadores del exterior. Tenemos a Luca Vildoza y nos encanta, no lo esper\u00e1bamos. Vienen Del\u00eda, Delfino, Brussino y Mata. El resto son jugadores de nuestra Liga Nacional y siento que, al conocer a Panam\u00e1 y Venezuela, son los ideales para esta ventana. Tengo muchas ganas ya de encontrarnos con el equipo y entrenar\u201d, manifest\u00f3 N\u00e9stor \u201cChe\u201d Garc\u00eda, entrenador argentino.<\/p>\n<p style=\"text-align: justify;\">Tras las dos victorias frente a Paraguay en la primera ventana de noviembre (93-67 y 82-43), la Selecci\u00f3n volver\u00e1 a ser local con el objetivo de alcanzar uno de los siete boletos disponibles en el continente para el Mundial. Nuevamente ser\u00e1 anfitri\u00f3n en el estadio de Obras Sanitarias, el Templo del Rock, en un fin de semana que promete ser muy especial, aguardando un estadio lleno para alentar al equipo en la previa al feriado de Carnaval.<\/p>\n<p style=\"text-align: justify;\">Argentina lidera el Grupo A de los clasificatorios de Am\u00e9rica con un registro de 2-0, mismo r\u00e9cord junto a Venezuela. Justamente ante la Vinotinto jugar\u00e1 el primer d\u00eda de la pr\u00f3xima segunda ventana, el viernes 25 desde las 21:40 horas y en lo que ser\u00e1 un choque entre punteros, potencias del continente con mucha historia y antecedentes. Luego, el s\u00e1bado 26, el rival de la Selecci\u00f3n ser\u00e1 Panam\u00e1, a partir de las 21:10.<\/p>\n<p><em><strong>Selecci\u00f3n Argentina &#8211; Convocatoria Segunda ventana FIBA<\/strong><\/em><\/p>\n<p>1. Luca Vildoza | Base | 26 a\u00f1os | 1m88 | Libre<br \/>\n2. Nicol\u00e1s Aguirre | Base | 33 a\u00f1os | 1m89 | Regatas Corrientes<br \/>\n3. Juan Ignacio Brussino | Base | 30 a\u00f1os | 1m85 | Quimsa<br \/>\n4. Franco Baralle | Base | 22 a\u00f1os | 1m80 | Quimsa<br \/>\n5. Carlos Delfino | Escolta | 39 a\u00f1os | 2m01 | Pesaro (Italia)<br \/>\n6. Mat\u00edas Solanas | Escolta | 22 a\u00f1os | 1m94 | San Mart\u00edn de Corrientes<br \/>\n7. Nicol\u00e1s Brussino | Alero | 28 a\u00f1os | 2m04 | Gran Canaria (Espa\u00f1a)<br \/>\n8. Leonel Schattmann | Escolta | 34 a\u00f1os | 1m94 | Boca Juniors<br \/>\n9. Marcos Mata | Alero | 35 a\u00f1os | 2m00 | Aguada (Uruguay)<br \/>\n10. Nicol\u00e1s Romano | Ala pivote | 34 a\u00f1os | 2m00 | Instituto de C\u00f3rdoba<br \/>\n11. Agust\u00edn Barreiro | Ala pivote | 22 a\u00f1os | 2m04 | Gimnasia y Esgrima de Comodoro Rivadavia<br \/>\n12. Tayavek Gallizzi | Pivote | 28 a\u00f1os | 2m05 | Instituto de C\u00f3rdoba<br \/>\n13. Marcos Del\u00eda | Pivote | 29 a\u00f1os | 2m06 | Trieste (Italia)<br \/>\n14. Kevin Hern\u00e1ndez | Pivote | 29 a\u00f1os | 2m05 | Boca Juniors<br \/>\n15. Federico Aguerre | Ala pivote | 33 a\u00f1os | 2m03 | Boca Juniors<\/p>\n","protected":false},"excerpt":{"rendered":"<p>En vistas a lo que ser\u00e1 la segunda ventana clasificatoria rumbo a la Copa del Mundo FIBA 2023, la Selecci\u00f3n comienza a definir su camino y afina detalles para los partidos que disputar\u00e1 los d\u00edas viernes 25 y s\u00e1bado 26 de febrero. En este orden, Argentina ya tiene la convocatoria final para dicha doble fecha, [&hellip;]<\/p>\n","protected":false},"author":1,"featured_media":14009,"comment_status":"closed","ping_status":"open","sticky":false,"template":"","format":"standard","meta":[],"categories":[260],"tags":[99],"_links":{"self":[{"href":"https:\/\/entreriosbasquet.com\/site\/wp-json\/wp\/v2\/posts\/14008"}],"collection":[{"href":"https:\/\/entreriosbasquet.com\/site\/wp-json\/wp\/v2\/posts"}],"about":[{"href":"https:\/\/entreriosbasquet.com\/site\/wp-json\/wp\/v2\/types\/post"}],"author":[{"embeddable":true,"href":"https:\/\/entreriosbasquet.com\/site\/wp-json\/wp\/v2\/users\/1"}],"replies":[{"embeddable":true,"href":"https:\/\/entreriosbasquet.com\/site\/wp-json\/wp\/v2\/comments?post=14008"}],"version-history":[{"count":1,"href":"https:\/\/entreriosbasquet.com\/site\/wp-json\/wp\/v2\/posts\/14008\/revisions"}],"predecessor-version":[{"id":14010,"href":"https:\/\/entreriosbasquet.com\/site\/wp-json\/wp\/v2\/posts\/14008\/revisions\/14010"}],"wp:featuredmedia":[{"embeddable":true,"href":"https:\/\/entreriosbasquet.com\/site\/wp-json\/wp\/v2\/media\/14009"}],"wp:attachment":[{"href":"https:\/\/entreriosbasquet.com\/site\/wp-json\/wp\/v2\/media?parent=14008"}],"wp:term":[{"taxonomy":"category","embeddable":true,"href":"https:\/\/entreriosbasquet.com\/site\/wp-json\/wp\/v2\/categories?post=14008"},{"taxonomy":"post_tag","embeddable":true,"href":"https:\/\/entreriosbasquet.com\/site\/wp-json\/wp\/v2\/tags?post=14008"}],"curies":[{"name":"wp","href":"https:\/\/api.w.org\/{rel}","templated":true}]}}