{"id":13595,"date":"2021-11-17T21:15:41","date_gmt":"2021-11-18T00:15:41","guid":{"rendered":"http:\/\/entreriosbasquet.com\/site\/?p=13595"},"modified":"2021-11-18T15:53:01","modified_gmt":"2021-11-18T18:53:01","slug":"gonzalez-y-solanas-parte-de-la-primera-convocatoria-del-che-garcia","status":"publish","type":"post","link":"https:\/\/entreriosbasquet.com\/site\/2021\/11\/17\/gonzalez-y-solanas-parte-de-la-primera-convocatoria-del-che-garcia\/","title":{"rendered":"Gonz\u00e1lez y Solanas, parte de la primera convocatoria del \u00abCh\u00e9\u00bb Garc\u00eda"},"content":{"rendered":"<p style=\"text-align: justify;\">Comienza la era de N\u00e9stor Garc\u00eda al frente de la Selecci\u00f3n. Y, de paso, el camino hacia el Mundial 2023 que se disputar\u00e1 en tres pa\u00edses (Jap\u00f3n, Filipinas e Indonesia). El 26 y 27 de este mes, en Buenos Aires, se disputar\u00e1 la primera de las seis ventanas FIBA que habr\u00e1 y, en Obras Sanitarias, puntualmente, se jugar\u00e1n \u00edntegramente el Grupo A y B, con ocho seleccionados en total.<\/p>\n<p style=\"text-align: justify;\">Luego de varios d\u00edas de an\u00e1lisis a nivel individual y de evaluar diferentes panoramas, el Che anunci\u00f3 este jueves la citaci\u00f3n de 17 jugadores para que, desde este lunes que viene, se concentren y comiencen a trabajar para los partidos de viernes y s\u00e1bado.<\/p>\n<p style=\"text-align: justify;\">En la n\u00f3mina se encuentran\u00a0los entrerrianos <em><strong>Luciano Gonz\u00e1lez<\/strong><\/em> (Instituto de C\u00f3rdoba) y <em><strong>Mat\u00edas Solanas<\/strong><\/em> (San Mart\u00edn de Corrientes).\u00a0Leandro Vildoza, Franco Baralle, Juan Ignacio Brussino, Sebasti\u00e1n Orresta, Carlos Delfino, Mart\u00edn Cuello, Marcos Mata, Agust\u00edn Barreiro, Mart\u00edn Fern\u00e1ndez, Juan Francisco Fern\u00e1ndez. Nicol\u00e1s Romano, Federico Aguerre, Tayavek Gallizzi, Lautaro Berra y Kevin Hern\u00e1ndez completa la lista.<\/p>\n<p style=\"text-align: justify;\">Argentina disputar\u00e1 sus partidos ante Paraguay con un equipo bastante nuevo, aunque con similitudes a los que se est\u00e1n encargando de estas eliminatorias por no poder contar con los jugadores de los equipos de la NBA y la Euroliga, por ejemplo (ninguno los cede).<\/p>\n<p style=\"text-align: justify;\">\u201cDecidimos armar una preselecci\u00f3n grande para tener respuestas a distintos escenarios. No s\u00f3lo por el Covid sino tambi\u00e9n por los pocos entrenamientos que podremos hacer. Queremos evaluar a varios para ver cu\u00e1les se adaptan m\u00e1s r\u00e1pido y mejor a la idea. Adem\u00e1s contamos con la chance de presentar distintos 12 jugadores en cada partido y queremos aprovechar esa opci\u00f3n\u201d, explic\u00f3 Garc\u00eda sobre este listado que arm\u00f3 con su flamante cuerpo t\u00e9cnico que incluye a Leo Guti\u00e9rrez, Gonzalo Garc\u00eda y Herman M\u00e1ndole.<\/p>\n","protected":false},"excerpt":{"rendered":"<p>Comienza la era de N\u00e9stor Garc\u00eda al frente de la Selecci\u00f3n. Y, de paso, el camino hacia el Mundial 2023 que se disputar\u00e1 en tres pa\u00edses (Jap\u00f3n, Filipinas e Indonesia). El 26 y 27 de este mes, en Buenos Aires, se disputar\u00e1 la primera de las seis ventanas FIBA que habr\u00e1 y, en Obras Sanitarias, [&hellip;]<\/p>\n","protected":false},"author":1,"featured_media":13596,"comment_status":"closed","ping_status":"open","sticky":false,"template":"","format":"standard","meta":[],"categories":[260],"tags":[441,99],"_links":{"self":[{"href":"https:\/\/entreriosbasquet.com\/site\/wp-json\/wp\/v2\/posts\/13595"}],"collection":[{"href":"https:\/\/entreriosbasquet.com\/site\/wp-json\/wp\/v2\/posts"}],"about":[{"href":"https:\/\/entreriosbasquet.com\/site\/wp-json\/wp\/v2\/types\/post"}],"author":[{"embeddable":true,"href":"https:\/\/entreriosbasquet.com\/site\/wp-json\/wp\/v2\/users\/1"}],"replies":[{"embeddable":true,"href":"https:\/\/entreriosbasquet.com\/site\/wp-json\/wp\/v2\/comments?post=13595"}],"version-history":[{"count":1,"href":"https:\/\/entreriosbasquet.com\/site\/wp-json\/wp\/v2\/posts\/13595\/revisions"}],"predecessor-version":[{"id":13597,"href":"https:\/\/entreriosbasquet.com\/site\/wp-json\/wp\/v2\/posts\/13595\/revisions\/13597"}],"wp:featuredmedia":[{"embeddable":true,"href":"https:\/\/entreriosbasquet.com\/site\/wp-json\/wp\/v2\/media\/13596"}],"wp:attachment":[{"href":"https:\/\/entreriosbasquet.com\/site\/wp-json\/wp\/v2\/media?parent=13595"}],"wp:term":[{"taxonomy":"category","embeddable":true,"href":"https:\/\/entreriosbasquet.com\/site\/wp-json\/wp\/v2\/categories?post=13595"},{"taxonomy":"post_tag","embeddable":true,"href":"https:\/\/entreriosbasquet.com\/site\/wp-json\/wp\/v2\/tags?post=13595"}],"curies":[{"name":"wp","href":"https:\/\/api.w.org\/{rel}","templated":true}]}}