{"id":13231,"date":"2021-09-08T10:27:15","date_gmt":"2021-09-08T13:27:15","guid":{"rendered":"http:\/\/entreriosbasquet.com\/site\/?p=13231"},"modified":"2021-09-08T10:27:15","modified_gmt":"2021-09-08T13:27:15","slug":"echague-regresa-alan-moreno-y-se-suma-mauro-cerone","status":"publish","type":"post","link":"https:\/\/entreriosbasquet.com\/site\/2021\/09\/08\/echague-regresa-alan-moreno-y-se-suma-mauro-cerone\/","title":{"rendered":"Echag\u00fce: Regresa Alan Moreno y se suma Mauro Cerone"},"content":{"rendered":"<p style=\"text-align: justify;\">El Atl\u00e9tico Echag\u00fce Club de Paran\u00e1 anunci\u00f3 el regreso de <strong>Alan Moreno<\/strong> (24, 1.85) de cara a la venidera temporada de la Liga Argentina, que viene de vestir cerrar la temporada de la segunda categor\u00eda nacional en Del Progreso de General Roca, R\u00edo Negro.<\/p>\n<p style=\"text-align: justify;\">Anteriormente Moreno fue dado de baja por parte de Ameghino tras promediar 6.6 puntos (45% dobles y 32% triples), 1.5 rebotes y 0.5 asistencias en 13\u2019 en medio de una serie de cortes.<\/p>\n<p style=\"text-align: justify;\">Nacido en Carlos Paz, C\u00f3rdoba, Moreno surgi\u00f3 las filas del Club Pesca y luego pas\u00f3 por Bol\u00edvar, ambos de la ciudad serrana, y tras jugar en Inferiores de Pe\u00f1arol de Mar del Plata (2014\/15), en 2016 se incorpor\u00f3 a Atl\u00e9tico Tostado donde atraves\u00f3 dos temporadas en el Torneo Federal.<\/p>\n<p style=\"text-align: justify;\">En 2018 Moreno lleg\u00f3 a Echag\u00fce Club y en el conjunto de la capital entrerriana pas\u00f3 por uno de sus mejores momentos y tuvo un protagonismo ascendente (11.3, 2.8 y 0.8).<\/p>\n<p style=\"text-align: justify;\">Por su parte, el p\u00edvot <strong>Mauro Cerone<\/strong> (29 a\u00f1os y 2.00 m.) es la nueva incorporaci\u00f3n del conjunto dirigido por Oscar Bonell. En la \u00faltima temporada jug\u00f3 en Uni\u00f3n de Mar del Plata (Federal) y cuatro partidos en Pe\u00f1arol (Liga Nacional).<\/p>\n<p style=\"text-align: justify;\">Actualmente se encuentra formando parte del plantel del Centro Bancario de Gualeguay, jugando playoffs de Liga Provincial de Entre R\u00edos. Cerone tiene experiencia en Central Entrerriano, Bell Ville, Villa Angela, entre otros equipos.<\/p>\n","protected":false},"excerpt":{"rendered":"<p>El Atl\u00e9tico Echag\u00fce Club de Paran\u00e1 anunci\u00f3 el regreso de Alan Moreno (24, 1.85) de cara a la venidera temporada de la Liga Argentina, que viene de vestir cerrar la temporada de la segunda categor\u00eda nacional en Del Progreso de General Roca, R\u00edo Negro. Anteriormente Moreno fue dado de baja por parte de Ameghino tras [&hellip;]<\/p>\n","protected":false},"author":1,"featured_media":13232,"comment_status":"closed","ping_status":"open","sticky":false,"template":"","format":"standard","meta":[],"categories":[11],"tags":[514,39,500],"_links":{"self":[{"href":"https:\/\/entreriosbasquet.com\/site\/wp-json\/wp\/v2\/posts\/13231"}],"collection":[{"href":"https:\/\/entreriosbasquet.com\/site\/wp-json\/wp\/v2\/posts"}],"about":[{"href":"https:\/\/entreriosbasquet.com\/site\/wp-json\/wp\/v2\/types\/post"}],"author":[{"embeddable":true,"href":"https:\/\/entreriosbasquet.com\/site\/wp-json\/wp\/v2\/users\/1"}],"replies":[{"embeddable":true,"href":"https:\/\/entreriosbasquet.com\/site\/wp-json\/wp\/v2\/comments?post=13231"}],"version-history":[{"count":1,"href":"https:\/\/entreriosbasquet.com\/site\/wp-json\/wp\/v2\/posts\/13231\/revisions"}],"predecessor-version":[{"id":13233,"href":"https:\/\/entreriosbasquet.com\/site\/wp-json\/wp\/v2\/posts\/13231\/revisions\/13233"}],"wp:featuredmedia":[{"embeddable":true,"href":"https:\/\/entreriosbasquet.com\/site\/wp-json\/wp\/v2\/media\/13232"}],"wp:attachment":[{"href":"https:\/\/entreriosbasquet.com\/site\/wp-json\/wp\/v2\/media?parent=13231"}],"wp:term":[{"taxonomy":"category","embeddable":true,"href":"https:\/\/entreriosbasquet.com\/site\/wp-json\/wp\/v2\/categories?post=13231"},{"taxonomy":"post_tag","embeddable":true,"href":"https:\/\/entreriosbasquet.com\/site\/wp-json\/wp\/v2\/tags?post=13231"}],"curies":[{"name":"wp","href":"https:\/\/api.w.org\/{rel}","templated":true}]}}