{"id":13228,"date":"2021-09-07T17:46:14","date_gmt":"2021-09-07T20:46:14","guid":{"rendered":"http:\/\/entreriosbasquet.com\/site\/?p=13228"},"modified":"2021-09-07T17:46:14","modified_gmt":"2021-09-07T20:46:14","slug":"parque-sur-incorporo-a-ignacio-fellay-e-ignacio-colsani","status":"publish","type":"post","link":"https:\/\/entreriosbasquet.com\/site\/2021\/09\/07\/parque-sur-incorporo-a-ignacio-fellay-e-ignacio-colsani\/","title":{"rendered":"Parque Sur incorpor\u00f3 a Ignacio Fellay e Ignacio Colsani"},"content":{"rendered":"<p style=\"text-align: justify;\">Parque Sur de Concepci\u00f3n del Uruguay contin\u00faa el armado del equipo profesional para la pr\u00f3xima edici\u00f3n de la Liga Argentina. En ese marco, el elenco de Puerto Viejo confirm\u00f3 las incorporaciones de alero Ignacio Fellay y el p\u00edvot Ignacio Colsani de cara a la temporada 2022.<\/p>\n<p style=\"text-align: justify;\">Fellay es un viejo conocido en la instituci\u00f3n sure\u00f1a ya que en formativas tuvo un paso por los planteles juveniles. El uruguayense de 23 a\u00f1os y 1.87 m. de altura viene de jugar el torneo Federal para Regatas Uruguay con muy bueno juegos y sumando muchos minutos.<\/p>\n<p style=\"text-align: justify;\">Por su parte, Colsani, de 24 a\u00f1os y 2.01 m. de estatura, llega tras disputar la Liga Argentina para Riachuelo de La Rioja. El oriundo de Rafaela, provincia de Santa Fe, es surgido de Independiente de su ciudad natal y luego tuvo pasos previos por San Mart\u00edn de Corrientes (Liga Nacional, 7 partidos en 2014\/15), San Isidro de San Francisco (Liga Argentina), Uni\u00f3n de Sunchales (Torneo Federal), 9 de Julio Rafaela (FBPSF), Estudiantes La Plata (Torneo Federal) y Ciclista Juninense (Liga Argentina).<\/p>\n","protected":false},"excerpt":{"rendered":"<p>Parque Sur de Concepci\u00f3n del Uruguay contin\u00faa el armado del equipo profesional para la pr\u00f3xima edici\u00f3n de la Liga Argentina. En ese marco, el elenco de Puerto Viejo confirm\u00f3 las incorporaciones de alero Ignacio Fellay y el p\u00edvot Ignacio Colsani de cara a la temporada 2022. Fellay es un viejo conocido en la instituci\u00f3n sure\u00f1a [&hellip;]<\/p>\n","protected":false},"author":1,"featured_media":13229,"comment_status":"closed","ping_status":"open","sticky":false,"template":"","format":"standard","meta":[],"categories":[11],"tags":[197,32],"_links":{"self":[{"href":"https:\/\/entreriosbasquet.com\/site\/wp-json\/wp\/v2\/posts\/13228"}],"collection":[{"href":"https:\/\/entreriosbasquet.com\/site\/wp-json\/wp\/v2\/posts"}],"about":[{"href":"https:\/\/entreriosbasquet.com\/site\/wp-json\/wp\/v2\/types\/post"}],"author":[{"embeddable":true,"href":"https:\/\/entreriosbasquet.com\/site\/wp-json\/wp\/v2\/users\/1"}],"replies":[{"embeddable":true,"href":"https:\/\/entreriosbasquet.com\/site\/wp-json\/wp\/v2\/comments?post=13228"}],"version-history":[{"count":1,"href":"https:\/\/entreriosbasquet.com\/site\/wp-json\/wp\/v2\/posts\/13228\/revisions"}],"predecessor-version":[{"id":13230,"href":"https:\/\/entreriosbasquet.com\/site\/wp-json\/wp\/v2\/posts\/13228\/revisions\/13230"}],"wp:featuredmedia":[{"embeddable":true,"href":"https:\/\/entreriosbasquet.com\/site\/wp-json\/wp\/v2\/media\/13229"}],"wp:attachment":[{"href":"https:\/\/entreriosbasquet.com\/site\/wp-json\/wp\/v2\/media?parent=13228"}],"wp:term":[{"taxonomy":"category","embeddable":true,"href":"https:\/\/entreriosbasquet.com\/site\/wp-json\/wp\/v2\/categories?post=13228"},{"taxonomy":"post_tag","embeddable":true,"href":"https:\/\/entreriosbasquet.com\/site\/wp-json\/wp\/v2\/tags?post=13228"}],"curies":[{"name":"wp","href":"https:\/\/api.w.org\/{rel}","templated":true}]}}