{"id":13202,"date":"2021-09-02T10:56:31","date_gmt":"2021-09-02T13:56:31","guid":{"rendered":"http:\/\/entreriosbasquet.com\/site\/?p=13202"},"modified":"2021-09-02T10:56:31","modified_gmt":"2021-09-02T13:56:31","slug":"la-apb-comienza-los-trabajos-rumbo-al-entrerriano-u17","status":"publish","type":"post","link":"https:\/\/entreriosbasquet.com\/site\/2021\/09\/02\/la-apb-comienza-los-trabajos-rumbo-al-entrerriano-u17\/","title":{"rendered":"La APB comienza los trabajos rumbo al Entrerriano U17"},"content":{"rendered":"<p style=\"text-align: justify;\">Con vistas al Campeonato Entrerriano de Selecciones U17, que se llevar\u00e1 a cabo en Paran\u00e1 el fin de semana del 23 de octubre, el selectivo de la APB dar\u00e1 inicio a los entrenamientos en el estadio de Ciclista.<\/p>\n<p style=\"text-align: justify;\">Desde las 14 horas, en el estadio Juan Baglietto, comenzar\u00e1 el proceso de cara a un nuevo certamen provincial tras la inactividad del 2020 por la pandemia. Los trabajos estar\u00e1n comandados por Javier \u201cCacha\u201d Benedetich, que ser\u00e1 el entrenador, y estar\u00e1 acompa\u00f1ado por Juan Gasparrini.<\/p>\n<p style=\"text-align: justify;\">Durante dos o tres semanas se dividir\u00e1 en dos grupos los entrenamientos, con un total de 20 chicos cada uno. Luego llegar\u00e1 el primer corte para empezar a definir el plantel que defender\u00e1 la corona obtenida en el 2019 en Gualeguaych\u00fa.<\/p>\n<p style=\"text-align: justify;\"><strong>Grupo A \u2013 Jueves 2\/9 a las 14hs \u2013 Club Ciclista<\/strong><\/p>\n<p style=\"text-align: justify;\">Dante Rewes, Valentino Fadil, Santiago Sicer, Tob\u00edas Lejtman y Ger\u00f3nimo Fern\u00e1ndez (Sionista); Tom\u00e1s Sonnaillon, Franco Gonz\u00e1lez y Felipe Rodr\u00edguez Allende (Ciclista); Fausto Moussa, Emiliano Anduiza y Ger\u00f3nimo Alcain (Rowing); Mateo Vincitorio, Lautaro Vega, Juan Schmidt y Mart\u00edn Lambarri (Echag\u00fce); Martiniano Dato, Patricio Carranza, Juli\u00e1n Roskopf, Juan Berta, David Medina Kipen y Santino Zabena (Recreativo).<\/p>\n<p style=\"text-align: justify;\"><strong>Grupo B \u2013 Domingo 5\/9 a las 11hs<\/strong><\/p>\n<p style=\"text-align: justify;\">Juli\u00e1n Caminos, Mateo Jacob, Brian Rouge (Olimpia); Angelo Baudino (Mar\u00eda Grande); Benjam\u00edn Morales y Brian Castro (Uni\u00f3n); Facundo Buffa (Patronato); Mateo Rodr\u00edguez y Thiago Paessano (Talleres); Alejandro Vergara (Viale); Ignacio Schultz (Diamantino); Franco Barcos (Quique); Lucas Montes (Neuquen); Mart\u00edn Porrchneg y Felipe Mitre (Paracao); Mat\u00edas Vilanova, Joaqu\u00edn Faria, Ra\u00fal L\u00f3pez Degani, Ignacio Grinovero y Joaqu\u00edn Llorents (Estudiantes).<\/p>\n","protected":false},"excerpt":{"rendered":"<p>Con vistas al Campeonato Entrerriano de Selecciones U17, que se llevar\u00e1 a cabo en Paran\u00e1 el fin de semana del 23 de octubre, el selectivo de la APB dar\u00e1 inicio a los entrenamientos en el estadio de Ciclista. Desde las 14 horas, en el estadio Juan Baglietto, comenzar\u00e1 el proceso de cara a un nuevo [&hellip;]<\/p>\n","protected":false},"author":1,"featured_media":13203,"comment_status":"closed","ping_status":"open","sticky":false,"template":"","format":"standard","meta":[],"categories":[20],"tags":[],"_links":{"self":[{"href":"https:\/\/entreriosbasquet.com\/site\/wp-json\/wp\/v2\/posts\/13202"}],"collection":[{"href":"https:\/\/entreriosbasquet.com\/site\/wp-json\/wp\/v2\/posts"}],"about":[{"href":"https:\/\/entreriosbasquet.com\/site\/wp-json\/wp\/v2\/types\/post"}],"author":[{"embeddable":true,"href":"https:\/\/entreriosbasquet.com\/site\/wp-json\/wp\/v2\/users\/1"}],"replies":[{"embeddable":true,"href":"https:\/\/entreriosbasquet.com\/site\/wp-json\/wp\/v2\/comments?post=13202"}],"version-history":[{"count":1,"href":"https:\/\/entreriosbasquet.com\/site\/wp-json\/wp\/v2\/posts\/13202\/revisions"}],"predecessor-version":[{"id":13204,"href":"https:\/\/entreriosbasquet.com\/site\/wp-json\/wp\/v2\/posts\/13202\/revisions\/13204"}],"wp:featuredmedia":[{"embeddable":true,"href":"https:\/\/entreriosbasquet.com\/site\/wp-json\/wp\/v2\/media\/13203"}],"wp:attachment":[{"href":"https:\/\/entreriosbasquet.com\/site\/wp-json\/wp\/v2\/media?parent=13202"}],"wp:term":[{"taxonomy":"category","embeddable":true,"href":"https:\/\/entreriosbasquet.com\/site\/wp-json\/wp\/v2\/categories?post=13202"},{"taxonomy":"post_tag","embeddable":true,"href":"https:\/\/entreriosbasquet.com\/site\/wp-json\/wp\/v2\/tags?post=13202"}],"curies":[{"name":"wp","href":"https:\/\/api.w.org\/{rel}","templated":true}]}}