{"id":13111,"date":"2021-08-16T11:55:10","date_gmt":"2021-08-16T14:55:10","guid":{"rendered":"http:\/\/entreriosbasquet.com\/site\/?p=13111"},"modified":"2021-08-17T09:39:15","modified_gmt":"2021-08-17T12:39:15","slug":"urquiza-es-unico-lider-tras-batir-a-zaninetti-en-casa","status":"publish","type":"post","link":"https:\/\/entreriosbasquet.com\/site\/2021\/08\/16\/urquiza-es-unico-lider-tras-batir-a-zaninetti-en-casa\/","title":{"rendered":"Urquiza es \u00fanico l\u00edder tras batir a Zaninetti en casa"},"content":{"rendered":"<p style=\"text-align: justify;\">En el marco de la octava fecha de la Primera Fase de la Liga Provincial de Mayores, el Club Urquiza de San Elena super\u00f3 69 a 67 a Zaninetti y qued\u00f3 como \u00fanico l\u00edder de la competencia federativa. Adri\u00e1n Forastieri fue figura con 18 puntos, 8 rebotes y 4 asistencias.<\/p>\n<p style=\"text-align: justify;\">En un primer tiempo muy parejo, en el cual sobresali\u00f3 la muy buena marca por parte de ambos equipo, se destacaron en el goleo Adri\u00e1n Forastieri y Ramiro Paz y la muy buena defensa de Rodrigo Riquelme y Fabricio Rebecchi, en tanto que en la visita anduvieron muy bien Sergio Ravina, Saverio D\u00edaz y Juan Boffelli. La primera mitad finaliz\u00f3 con ventaja de un doble para el equipo de Concepci\u00f3n del Uruguay (39-37)<\/p>\n<p style=\"text-align: justify;\">En el tercer cuarto, Urquiza, a pesar del escaso goleo, sac\u00f3 una leve ventaja que a la larga le permitir\u00eda quedarse con la victoria. En este cuarto convirtieron para Urquiza Ramiro Paz, Adrian Forastieri, Fabricio Rebecchi y Duilio Contreras.<\/p>\n<p style=\"text-align: justify;\">El cuarto final comenz\u00f3 muy parejo, los dos equipos estuvieron muy intensos en defensa y que en el pasar de los minutos. Zaninetti alcanz\u00f3 a sacar una ventaja de ocho puntos a falta de 5 minutos para la finalizaci\u00f3n del encuentro. Fue entonces cuando Forastieri se hizo cargo de la remontada, a trav\u00e9s de dos triples en forma consecutiva, a lo que lo acompa\u00f1\u00f3 otro por parte de Fabricio Rebecchi. Pero la visita respondi\u00f3 con un Juan Boffelli inspirad\u00edsimo.<\/p>\n<p style=\"text-align: justify;\">Hubo intercambio de liderazgo en el tanteador permanentemente en los \u00faltimos minutos de juego, pero la experiencia y buen juego de Forastieri (convirtiendo simples claves), acompa\u00f1ado por Rebecchi y Riquelme, le permitieron llegar a los \u00faltimos 10 segundos de partido dos puntos arriba. Esto oblig\u00f3 al director t\u00e9cnico de Zaninetti, Valent\u00edn Schepens, a pedir minutos para diagramar una \u00faltima jugada para empatar y llevar el partido al alargue o convertir un triple y quedarse con la victoria.<\/p>\n<p style=\"text-align: justify;\">Tras el saque de costado lleg\u00f3 el momento del \u00faltimo lanzamiento que qued\u00f3 en manos de Mat\u00edas Hansen, el cual por la buena marca fue muy complicado de hacer. El jugador estaba pisando la l\u00ednea de triple y la pelota milagrosamente, tras tres piques sobre el aro, sali\u00f3 y la victoria qued\u00f3 para el equipo santaelenense.<\/p>\n<p style=\"text-align: justify;\">Sin embargo, tras el reclamo de la visita de que jugadores de Urquiza hab\u00edan tocado la red, los \u00e1rbitros Ramiro Bar\u00f3n y Maximiliano Robles, debieron recurrir al video arbitraje para determinar si el reclamo ten\u00eda validez o no. Tras analizar la jugada, determinaron que el reclamo no era positivo: Urquiza 69 \u2013 Zaninetti 67.<\/p>\n<p style=\"text-align: justify;\">Con este resultado, el equipo dirigido por Nicol\u00e1s Pusch y Fernando Fleitas qued\u00f3 como \u00fanico puntero a falta de dos fechas para el cierre de la fase regular.<\/p>\n<p style=\"text-align: justify;\"><strong>SINTESIS<\/strong><\/p>\n<p style=\"text-align: justify;\"><strong>Urquiza (69):<\/strong>\u00a0Salvador Godoy 2, Fabricio Rebecchi 12, Ramiro Paz 18, Rodrigo Riquelme 7, Adrian Forastieri 18, Duilio Contreras 10 y Tom\u00e1s Giebert 2.<\/p>\n<p style=\"text-align: justify;\"><strong>Zaninetti (67):<\/strong>\u00a0Franco Portillo 13, Juan Boffelli 16, Sebasti\u00e1n Bernasconi 5, Sergio Ravina 17, Saverio D\u00edaz 8, Nahuel Hansen 5 y Mat\u00edas Hansen 3.<\/p>\n<p style=\"text-align: justify;\"><em>(Por Gabriel Zalazar &#8211; Prensa Urquiza)<\/em><\/p>\n","protected":false},"excerpt":{"rendered":"<p>En el marco de la octava fecha de la Primera Fase de la Liga Provincial de Mayores, el Club Urquiza de San Elena super\u00f3 69 a 67 a Zaninetti y qued\u00f3 como \u00fanico l\u00edder de la competencia federativa. Adri\u00e1n Forastieri fue figura con 18 puntos, 8 rebotes y 4 asistencias. En un primer tiempo muy [&hellip;]<\/p>\n","protected":false},"author":1,"featured_media":13112,"comment_status":"closed","ping_status":"open","sticky":false,"template":"","format":"standard","meta":[],"categories":[17],"tags":[606,50],"_links":{"self":[{"href":"https:\/\/entreriosbasquet.com\/site\/wp-json\/wp\/v2\/posts\/13111"}],"collection":[{"href":"https:\/\/entreriosbasquet.com\/site\/wp-json\/wp\/v2\/posts"}],"about":[{"href":"https:\/\/entreriosbasquet.com\/site\/wp-json\/wp\/v2\/types\/post"}],"author":[{"embeddable":true,"href":"https:\/\/entreriosbasquet.com\/site\/wp-json\/wp\/v2\/users\/1"}],"replies":[{"embeddable":true,"href":"https:\/\/entreriosbasquet.com\/site\/wp-json\/wp\/v2\/comments?post=13111"}],"version-history":[{"count":2,"href":"https:\/\/entreriosbasquet.com\/site\/wp-json\/wp\/v2\/posts\/13111\/revisions"}],"predecessor-version":[{"id":13117,"href":"https:\/\/entreriosbasquet.com\/site\/wp-json\/wp\/v2\/posts\/13111\/revisions\/13117"}],"wp:featuredmedia":[{"embeddable":true,"href":"https:\/\/entreriosbasquet.com\/site\/wp-json\/wp\/v2\/media\/13112"}],"wp:attachment":[{"href":"https:\/\/entreriosbasquet.com\/site\/wp-json\/wp\/v2\/media?parent=13111"}],"wp:term":[{"taxonomy":"category","embeddable":true,"href":"https:\/\/entreriosbasquet.com\/site\/wp-json\/wp\/v2\/categories?post=13111"},{"taxonomy":"post_tag","embeddable":true,"href":"https:\/\/entreriosbasquet.com\/site\/wp-json\/wp\/v2\/tags?post=13111"}],"curies":[{"name":"wp","href":"https:\/\/api.w.org\/{rel}","templated":true}]}}