{"id":13001,"date":"2021-07-25T19:08:00","date_gmt":"2021-07-25T22:08:00","guid":{"rendered":"http:\/\/entreriosbasquet.com\/site\/?p=13001"},"modified":"2021-07-26T18:04:18","modified_gmt":"2021-07-26T21:04:18","slug":"mala-suerte-para-las-chicas-entrerrianas-en-la-seleccion-u16","status":"publish","type":"post","link":"https:\/\/entreriosbasquet.com\/site\/2021\/07\/25\/mala-suerte-para-las-chicas-entrerrianas-en-la-seleccion-u16\/","title":{"rendered":"Mala suerte para las chicas entrerrianas en la Selecci\u00f3n U16"},"content":{"rendered":"<p style=\"text-align: justify;\">La joven camada de las U16 que se mentaliza rumbo al Premundial de M\u00e9xico comenz\u00f3 por estas horas una nueva concentraci\u00f3n en el CeNARD, donde permanecer\u00e1 hasta el 4 de agosto. Y en este punto, la preparaci\u00f3n sufri\u00f3 un contratiempo por la aparici\u00f3n de casos positivos de Covid-19 dentro de las jugadoras convocadas.<\/p>\n<p>De la n\u00f3mina inicial de 20 jugadoras, arrancaron a trabajar s\u00f3lo 16 debido al positivo de Covid-19 por parte de Natalia Cull\u00e9n. A su vez, por este caso detectado en la pivote de Echag\u00fce, tanto Delfina Cergneux como Paula Santini (ambas de Rocamora) son consideradas contacto estrecho. Las jugadoras entrerrianas fueron aisladas de inmediato y regresaron a sus hogares, con sus familias, para recuperarse.<\/p>\n<p>\u00abSiempre se hacen los testeos de rutina para ingresar a la concentraci\u00f3n, en este caso en el CeNARD. Se genera tanto un hisopado r\u00e1pido de ant\u00edgenos como un test PCR. El de ant\u00edgenos arrojaron todos negativo, y en el PCR dio positivo Cull\u00e9n, por lo que por contacto estrecho quedaron Cergneux y Santini. Al ser menores, tienen que cumplir el aislamiento respectivo en sus domicilios\u00bb, explic\u00f3 Gabriel Sarfati, Coordinador del Departamento M\u00e9dico de CAB.<\/p>\n<p>Una vez que completen los tiempos y los procesos de este aislamiento, las tres jugadoras podr\u00edan regresar y ser tenidas en cuenta por la entrenadora Sandra Pav\u00f3n, que ya trabaja en doble turno junto con sus asistentes Lali Gonz\u00e1lez y Agust\u00edn Lukac. Estas ausencias se suman a la baja de Martina Di Tulio, que por lesi\u00f3n no pudo incorporarse a esta concentraci\u00f3n.<\/p>\n","protected":false},"excerpt":{"rendered":"<p>La joven camada de las U16 que se mentaliza rumbo al Premundial de M\u00e9xico comenz\u00f3 por estas horas una nueva concentraci\u00f3n en el CeNARD, donde permanecer\u00e1 hasta el 4 de agosto. Y en este punto, la preparaci\u00f3n sufri\u00f3 un contratiempo por la aparici\u00f3n de casos positivos de Covid-19 dentro de las jugadoras convocadas. De la [&hellip;]<\/p>\n","protected":false},"author":1,"featured_media":13002,"comment_status":"closed","ping_status":"open","sticky":false,"template":"","format":"standard","meta":[],"categories":[21],"tags":[],"_links":{"self":[{"href":"https:\/\/entreriosbasquet.com\/site\/wp-json\/wp\/v2\/posts\/13001"}],"collection":[{"href":"https:\/\/entreriosbasquet.com\/site\/wp-json\/wp\/v2\/posts"}],"about":[{"href":"https:\/\/entreriosbasquet.com\/site\/wp-json\/wp\/v2\/types\/post"}],"author":[{"embeddable":true,"href":"https:\/\/entreriosbasquet.com\/site\/wp-json\/wp\/v2\/users\/1"}],"replies":[{"embeddable":true,"href":"https:\/\/entreriosbasquet.com\/site\/wp-json\/wp\/v2\/comments?post=13001"}],"version-history":[{"count":2,"href":"https:\/\/entreriosbasquet.com\/site\/wp-json\/wp\/v2\/posts\/13001\/revisions"}],"predecessor-version":[{"id":13007,"href":"https:\/\/entreriosbasquet.com\/site\/wp-json\/wp\/v2\/posts\/13001\/revisions\/13007"}],"wp:featuredmedia":[{"embeddable":true,"href":"https:\/\/entreriosbasquet.com\/site\/wp-json\/wp\/v2\/media\/13002"}],"wp:attachment":[{"href":"https:\/\/entreriosbasquet.com\/site\/wp-json\/wp\/v2\/media?parent=13001"}],"wp:term":[{"taxonomy":"category","embeddable":true,"href":"https:\/\/entreriosbasquet.com\/site\/wp-json\/wp\/v2\/categories?post=13001"},{"taxonomy":"post_tag","embeddable":true,"href":"https:\/\/entreriosbasquet.com\/site\/wp-json\/wp\/v2\/tags?post=13001"}],"curies":[{"name":"wp","href":"https:\/\/api.w.org\/{rel}","templated":true}]}}