{"id":1298,"date":"2017-07-11T15:51:54","date_gmt":"2017-07-11T18:51:54","guid":{"rendered":"http:\/\/entreriosbasquet.com\/site\/?p=1298"},"modified":"2017-07-11T15:51:54","modified_gmt":"2017-07-11T18:51:54","slug":"cristian-gomez-estamos-confiados-en-el-grupo-que-hemos-formado","status":"publish","type":"post","link":"https:\/\/entreriosbasquet.com\/site\/2017\/07\/11\/cristian-gomez-estamos-confiados-en-el-grupo-que-hemos-formado\/","title":{"rendered":"Cristian G\u00f3mez: \u201cEstamos confiados en el grupo que hemos formado\u201d"},"content":{"rendered":"<p style=\"text-align: justify;\">El Seleccionado de Entre R\u00edos arranca su ilusi\u00f3n en el Campeonato Argentino Femenino de la categor\u00eda U17, que comienza este martes a desarrollarse en las ciudades chubutenses de Trelew y Rawson. En la previa del estreno ante Chaco, el DT <strong>Cristian G\u00f3mez<\/strong> charl\u00f3 con Entre R\u00edos B\u00e1squet.<\/p>\n<p style=\"text-align: justify;\">\u00abEstamos muy conformes con la labor realizada, ya se siente y se ve el trabajo de cuatro a\u00f1os con estas jugadoras de U17; muchas de ellas han participado de todo el proceso desde que estamos al frente de la Selecci\u00f3n de Entre R\u00edos. Fueron subcampeonas argentinas U14 y obviamente que el torneo este a\u00f1o cambia al presentarse Capital Federal y por las modificaciones que hubo en todos los planteles\u00bb, explic\u00f3 el entrenador.<\/p>\n<p style=\"text-align: justify;\">Acerca del equipo que se ha confirmado y del conocimiento de las jugadoras, &#8216;Pata&#8217; asever\u00f3: \u00abEl equipo llega muy bien, vemos un grupo muy unido que es producto de que la mayor\u00eda se conoce desde 2014; han compartido la Selecci\u00f3n U14, los Juegos del Centro en U15 y algunas el a\u00f1o pasado en U17. Hay jugadoras que llegan con mucha competencia y eso es netamente positivo\u00bb.<\/p>\n<p style=\"text-align: justify;\">\u00abRealmente estamos convencidos que el plantel en los momentos complicados va a sacar algo diferente, un plus que tienen los grupos humanos que poseen las selecciones de Entre R\u00edos que es el amor por la camiseta, el coraje, la actitud y la pertenencia\u00bb, agreg\u00f3 el actual DT de Tom\u00e1s de Rocamora de Concepci\u00f3n del Uruguay.<\/p>\n<p style=\"text-align: justify;\">Por otra parte, acerca del grupo de la Primera Fase dijo que \u00abnos toc\u00f3 la zona m\u00e1s complicada pero estamos confiados en el grupo que hemos formado. Sabemos que a priori Mendoza es candidato, al igual que Capital Federal y Santa Fe, pero tampoco debemos descuidar a Chaco que el a\u00f1o pasado hizo un gran Campeonato Argentino U17 el a\u00f1o pasado en Buenos Aires. Lo mismo con R\u00edo Negro que se adjudic\u00f3 la Zona Sur\u00bb.<\/p>\n<p style=\"text-align: justify;\">\u00abEl hecho de tener un grupo dificultoso nos puede jugar a favor por el tema de contar con el equipo concentrado durante tres d\u00edas y jugando bajo presi\u00f3n. Esperamos terminar lo m\u00e1s arriba en la zona para que el cruce de cuartos de final sea lo m\u00e1s aliviado posible\u00bb, cerr\u00f3 G\u00f3mez.<\/p>\n","protected":false},"excerpt":{"rendered":"<p>El Seleccionado de Entre R\u00edos arranca su ilusi\u00f3n en el Campeonato Argentino Femenino de la categor\u00eda U17, que comienza este martes a desarrollarse en las ciudades chubutenses de Trelew y Rawson. En la previa del estreno ante Chaco, el DT Cristian G\u00f3mez charl\u00f3 con Entre R\u00edos B\u00e1squet. \u00abEstamos muy conformes con la labor realizada, ya [&hellip;]<\/p>\n","protected":false},"author":5,"featured_media":1299,"comment_status":"closed","ping_status":"open","sticky":false,"template":"","format":"standard","meta":[],"categories":[21],"tags":[105,58],"_links":{"self":[{"href":"https:\/\/entreriosbasquet.com\/site\/wp-json\/wp\/v2\/posts\/1298"}],"collection":[{"href":"https:\/\/entreriosbasquet.com\/site\/wp-json\/wp\/v2\/posts"}],"about":[{"href":"https:\/\/entreriosbasquet.com\/site\/wp-json\/wp\/v2\/types\/post"}],"author":[{"embeddable":true,"href":"https:\/\/entreriosbasquet.com\/site\/wp-json\/wp\/v2\/users\/5"}],"replies":[{"embeddable":true,"href":"https:\/\/entreriosbasquet.com\/site\/wp-json\/wp\/v2\/comments?post=1298"}],"version-history":[{"count":1,"href":"https:\/\/entreriosbasquet.com\/site\/wp-json\/wp\/v2\/posts\/1298\/revisions"}],"predecessor-version":[{"id":1300,"href":"https:\/\/entreriosbasquet.com\/site\/wp-json\/wp\/v2\/posts\/1298\/revisions\/1300"}],"wp:featuredmedia":[{"embeddable":true,"href":"https:\/\/entreriosbasquet.com\/site\/wp-json\/wp\/v2\/media\/1299"}],"wp:attachment":[{"href":"https:\/\/entreriosbasquet.com\/site\/wp-json\/wp\/v2\/media?parent=1298"}],"wp:term":[{"taxonomy":"category","embeddable":true,"href":"https:\/\/entreriosbasquet.com\/site\/wp-json\/wp\/v2\/categories?post=1298"},{"taxonomy":"post_tag","embeddable":true,"href":"https:\/\/entreriosbasquet.com\/site\/wp-json\/wp\/v2\/tags?post=1298"}],"curies":[{"name":"wp","href":"https:\/\/api.w.org\/{rel}","templated":true}]}}