{"id":1289,"date":"2017-07-11T00:57:48","date_gmt":"2017-07-11T03:57:48","guid":{"rendered":"http:\/\/entreriosbasquet.com\/site\/?p=1289"},"modified":"2017-07-11T00:57:48","modified_gmt":"2017-07-11T03:57:48","slug":"nueva-ficha-en-regatas-nicolas-correnti","status":"publish","type":"post","link":"https:\/\/entreriosbasquet.com\/site\/2017\/07\/11\/nueva-ficha-en-regatas-nicolas-correnti\/","title":{"rendered":"Nueva ficha en Regatas: Nicol\u00e1s Correnti"},"content":{"rendered":"<p style=\"text-align: justify;\">De cara a la pr\u00f3xima temporada del Torneo Federal de B\u00e1squet, Regatas de Concepci\u00f3n del Uruguay sell\u00f3 una nueva incorporaci\u00f3n: Se trata del armador <strong>Nicol\u00e1s Correnti<\/strong> (25 a\u00f1os y 1.80 m. de estatura).<\/p>\n<p style=\"text-align: justify;\">El oriundo de Esperanza (Santa Fe), nacido el 15\/8\/1991, viene de jugar la pasada campa\u00f1a en Uni\u00f3n de Sunchales con los siguientes n\u00fameros: 10.48 puntos, 4.38 asistencias, 3.52 rebotes y 1.55 robos.<\/p>\n<p style=\"text-align: justify;\">Correnti jug\u00f3 en Alma Juniors desde la temporada 06\/07 hasta la 09\/10 en el Torneo Nacional de Ascenso. Despu\u00e9s tuvo pasos por Central Ol\u00edmpico de Ceres, Asociaci\u00f3n Espa\u00f1ola de Charata y el \u00faltimo por el \u201cVerde\u201d de Sunchales.<\/p>\n<p style=\"text-align: justify;\">Adem\u00e1s, Correnti integr\u00f3 el seleccionado U-19 de la provincia de Santa Fe. Por otra parte, los trabajos previos de cara a la nueva temporada del TNA comenzar\u00e1n el 8 de Agosto y no el 1\u00ba como se especulaba.<\/p>\n","protected":false},"excerpt":{"rendered":"<p>De cara a la pr\u00f3xima temporada del Torneo Federal de B\u00e1squet, Regatas de Concepci\u00f3n del Uruguay sell\u00f3 una nueva incorporaci\u00f3n: Se trata del armador Nicol\u00e1s Correnti (25 a\u00f1os y 1.80 m. de estatura). El oriundo de Esperanza (Santa Fe), nacido el 15\/8\/1991, viene de jugar la pasada campa\u00f1a en Uni\u00f3n de Sunchales con los siguientes [&hellip;]<\/p>\n","protected":false},"author":5,"featured_media":1290,"comment_status":"closed","ping_status":"open","sticky":false,"template":"","format":"standard","meta":[],"categories":[16],"tags":[145,53,101],"_links":{"self":[{"href":"https:\/\/entreriosbasquet.com\/site\/wp-json\/wp\/v2\/posts\/1289"}],"collection":[{"href":"https:\/\/entreriosbasquet.com\/site\/wp-json\/wp\/v2\/posts"}],"about":[{"href":"https:\/\/entreriosbasquet.com\/site\/wp-json\/wp\/v2\/types\/post"}],"author":[{"embeddable":true,"href":"https:\/\/entreriosbasquet.com\/site\/wp-json\/wp\/v2\/users\/5"}],"replies":[{"embeddable":true,"href":"https:\/\/entreriosbasquet.com\/site\/wp-json\/wp\/v2\/comments?post=1289"}],"version-history":[{"count":1,"href":"https:\/\/entreriosbasquet.com\/site\/wp-json\/wp\/v2\/posts\/1289\/revisions"}],"predecessor-version":[{"id":1291,"href":"https:\/\/entreriosbasquet.com\/site\/wp-json\/wp\/v2\/posts\/1289\/revisions\/1291"}],"wp:featuredmedia":[{"embeddable":true,"href":"https:\/\/entreriosbasquet.com\/site\/wp-json\/wp\/v2\/media\/1290"}],"wp:attachment":[{"href":"https:\/\/entreriosbasquet.com\/site\/wp-json\/wp\/v2\/media?parent=1289"}],"wp:term":[{"taxonomy":"category","embeddable":true,"href":"https:\/\/entreriosbasquet.com\/site\/wp-json\/wp\/v2\/categories?post=1289"},{"taxonomy":"post_tag","embeddable":true,"href":"https:\/\/entreriosbasquet.com\/site\/wp-json\/wp\/v2\/tags?post=1289"}],"curies":[{"name":"wp","href":"https:\/\/api.w.org\/{rel}","templated":true}]}}