{"id":1286,"date":"2017-07-11T00:00:17","date_gmt":"2017-07-11T03:00:17","guid":{"rendered":"http:\/\/entreriosbasquet.com\/site\/?p=1286"},"modified":"2017-07-11T00:00:17","modified_gmt":"2017-07-11T03:00:17","slug":"sigue-gaston-cordoba-y-llega-tomas-luduena","status":"publish","type":"post","link":"https:\/\/entreriosbasquet.com\/site\/2017\/07\/11\/sigue-gaston-cordoba-y-llega-tomas-luduena\/","title":{"rendered":"Sigue Gast\u00f3n C\u00f3rdoba y llega Tom\u00e1s Ludue\u00f1a"},"content":{"rendered":"<p style=\"text-align: justify;\">El <strong>Centro Sportivo Pe\u00f1arol de Rosario del Tala<\/strong> ya piensa en su pr\u00f3xima temporada en el Torneo Federal de B\u00e1squet. Despu\u00e9s de la confirmaci\u00f3n respecto de su continuidad en la categor\u00eda, en la tarde del lunes se conocieron dos integrantes del venidero plantel.<\/p>\n<p style=\"text-align: justify;\">Quien seguir\u00e1 ligado al \u201cTricolor\u201d es el alero <strong>Gast\u00f3n C\u00f3rdoba<\/strong>, que la campa\u00f1a pasada tuvo un interesante aporte al culminar con n\u00fameros de 10.9 puntos, 6.1 rebote y 1 asistencia en 25 partidos. El oriundo de Freyre, ex 9 de Julio Ol\u00edmpico y San Isidro de San Francisco, fue parte de la Preselecci\u00f3n Argentina U18 en 2012 y campe\u00f3n nacional con la Selecci\u00f3n de C\u00f3rdoba U17 en 2011.<\/p>\n<p style=\"text-align: justify;\">Por su parte, el nuevo refuerzo del equipo dirigido por Mariano Panizza ser\u00e1 el base <strong>Tom\u00e1s Ludue\u00f1a<\/strong> (20 a\u00f1os), formado en General Paz Juniors de C\u00f3rdoba y con \u00faltimo paso por Ferro de Puerto Madryn. En la temporada 2016-2017 fue parte del plantel de Barrio Parque (Cba) en el Torneo Nacional de Ascenso.<\/p>\n","protected":false},"excerpt":{"rendered":"<p>El Centro Sportivo Pe\u00f1arol de Rosario del Tala ya piensa en su pr\u00f3xima temporada en el Torneo Federal de B\u00e1squet. Despu\u00e9s de la confirmaci\u00f3n respecto de su continuidad en la categor\u00eda, en la tarde del lunes se conocieron dos integrantes del venidero plantel. Quien seguir\u00e1 ligado al \u201cTricolor\u201d es el alero Gast\u00f3n C\u00f3rdoba, que la [&hellip;]<\/p>\n","protected":false},"author":5,"featured_media":1287,"comment_status":"closed","ping_status":"open","sticky":false,"template":"","format":"standard","meta":[],"categories":[16],"tags":[144,113,143,29],"_links":{"self":[{"href":"https:\/\/entreriosbasquet.com\/site\/wp-json\/wp\/v2\/posts\/1286"}],"collection":[{"href":"https:\/\/entreriosbasquet.com\/site\/wp-json\/wp\/v2\/posts"}],"about":[{"href":"https:\/\/entreriosbasquet.com\/site\/wp-json\/wp\/v2\/types\/post"}],"author":[{"embeddable":true,"href":"https:\/\/entreriosbasquet.com\/site\/wp-json\/wp\/v2\/users\/5"}],"replies":[{"embeddable":true,"href":"https:\/\/entreriosbasquet.com\/site\/wp-json\/wp\/v2\/comments?post=1286"}],"version-history":[{"count":1,"href":"https:\/\/entreriosbasquet.com\/site\/wp-json\/wp\/v2\/posts\/1286\/revisions"}],"predecessor-version":[{"id":1288,"href":"https:\/\/entreriosbasquet.com\/site\/wp-json\/wp\/v2\/posts\/1286\/revisions\/1288"}],"wp:featuredmedia":[{"embeddable":true,"href":"https:\/\/entreriosbasquet.com\/site\/wp-json\/wp\/v2\/media\/1287"}],"wp:attachment":[{"href":"https:\/\/entreriosbasquet.com\/site\/wp-json\/wp\/v2\/media?parent=1286"}],"wp:term":[{"taxonomy":"category","embeddable":true,"href":"https:\/\/entreriosbasquet.com\/site\/wp-json\/wp\/v2\/categories?post=1286"},{"taxonomy":"post_tag","embeddable":true,"href":"https:\/\/entreriosbasquet.com\/site\/wp-json\/wp\/v2\/tags?post=1286"}],"curies":[{"name":"wp","href":"https:\/\/api.w.org\/{rel}","templated":true}]}}