{"id":12632,"date":"2021-05-26T19:31:29","date_gmt":"2021-05-26T22:31:29","guid":{"rendered":"http:\/\/entreriosbasquet.com\/site\/?p=12632"},"modified":"2021-05-26T19:31:29","modified_gmt":"2021-05-26T22:31:29","slug":"bofelli-se-despidio-de-parque-sur","status":"publish","type":"post","link":"https:\/\/entreriosbasquet.com\/site\/2021\/05\/26\/bofelli-se-despidio-de-parque-sur\/","title":{"rendered":"Bofelli se despidi\u00f3 de Parque Sur"},"content":{"rendered":"<p style=\"text-align: justify;\">Parque Sur\u00a0anunci\u00f3 la partida de Juan Francisco Bofelli, quien se despidi\u00f3 del plantel para armar sus valijas y sumarse a Zaninetti en la venidera Liga Provincial de Entre R\u00edos. Esta determinaci\u00f3n se enmarca en un acuerdo sellado con anterioridad al desarrollo de la actual Liga Argentina.<\/p>\n<p style=\"text-align: justify;\">El alero de 22 a\u00f1os culmina su paso por el elenco de Concepci\u00f3n del Uruguay con\u00a016 cotejos disputados\u00a0y una media interesante de 9.4 puntos, 2.8 rebotes, 1.5 asistencias, 9.9 de valoraci\u00f3n, 34.3% de triples y 28.1 minutos.<\/p>\n<p style=\"text-align: justify;\">Con la emoci\u00f3n a flor de piel, Juan comparti\u00f3 las sensaciones que lo atraviesan en este momento y\u00a0expres\u00f3 su an\u00e1lisis del recorrido en Parque Sur. \u201c<em>Mi paso por el club fue 10 puntos desde el d\u00eda que llegu\u00e9 hasta hoy que salud\u00e9 a mis compa\u00f1eros y me fui. Me han tratado excelente, fui cobijado por la gente del club y por los dirigentes y todo el grupo. Esta experiencia en Parque es algo memorable para m\u00ed, va a quedar dentro de mis mejores recuerdos<\/em>\u201d, expres\u00f3.<\/p>\n<p style=\"text-align: justify;\"><strong>-\u00bfC\u00f3mo te sentiste jugando la Liga Argentina?<\/strong><br \/>\n-Es recontra dura con buenos jugadores y equipos, es muy variada desde la composici\u00f3n de planteles con extranjeros y jugadores con much\u00edsima experiencia. Creo que estuve a la altura, por lo menos me sent\u00ed as\u00ed, con una buena regularidad, donde me sent\u00ed bastante c\u00f3modo.<\/p>\n<p style=\"text-align: justify;\"><strong>-\u00bfCu\u00e1l es tu meta de jugar la liga provincial?<\/strong><br \/>\n-El objetivo desde el club (Zaninetti) es ganarla, salir campe\u00f3n y ascender. As\u00ed que es la idea grupal, por eso la conformaci\u00f3n de este equipo y es el motivo por el cual volv\u00ed al club.<\/p>\n<p style=\"text-align: justify;\"><strong>-\u00bfQu\u00e9 te llev\u00e1s de tus compa\u00f1eros y cuerpo t\u00e9cnico?<\/strong><br \/>\n-Fueron meses vividos de forma muy c\u00f3moda, muy contento, siempre muy dispuestos a todo, as\u00ed que me llevo los mejores recuerdos. Adem\u00e1s muy buenas amistades, relaciones profesionales y grandes amistades fuera de la cancha. La verdad que la situaci\u00f3n fue extraordinaria y creo que supimos sacarle el jugo y eso se vio reflejado dentro de una cancha.<\/p>\n<p style=\"text-align: justify;\"><strong>-Las puertas est\u00e1n abiertas, \u00bfqu\u00e9 le dec\u00eds a toda la familia sure\u00f1a?<\/strong><br \/>\n-Muchas gracias a todos los que de una forma u otra nos dieron una mano (y lo hacen) para que podamos jugar la liga, decirles que muchas gracias por todo, que espero que en alg\u00fan momento nos podamos volver a cruzar. Ha sido un gusto y que me he sentido muy c\u00f3modo en el club y que tanto la gente, los hinchas, los simpatizantes sure\u00f1os y los que componen el club me han hecho sentir muy c\u00f3modo y estoy para siempre muy agradecido, les mando un abrazo y un cari\u00f1o para todos.<\/p>\n","protected":false},"excerpt":{"rendered":"<p>Parque Sur\u00a0anunci\u00f3 la partida de Juan Francisco Bofelli, quien se despidi\u00f3 del plantel para armar sus valijas y sumarse a Zaninetti en la venidera Liga Provincial de Entre R\u00edos. Esta determinaci\u00f3n se enmarca en un acuerdo sellado con anterioridad al desarrollo de la actual Liga Argentina. El alero de 22 a\u00f1os culmina su paso por [&hellip;]<\/p>\n","protected":false},"author":1,"featured_media":12633,"comment_status":"closed","ping_status":"open","sticky":false,"template":"","format":"standard","meta":[],"categories":[11],"tags":[615,32,50],"_links":{"self":[{"href":"https:\/\/entreriosbasquet.com\/site\/wp-json\/wp\/v2\/posts\/12632"}],"collection":[{"href":"https:\/\/entreriosbasquet.com\/site\/wp-json\/wp\/v2\/posts"}],"about":[{"href":"https:\/\/entreriosbasquet.com\/site\/wp-json\/wp\/v2\/types\/post"}],"author":[{"embeddable":true,"href":"https:\/\/entreriosbasquet.com\/site\/wp-json\/wp\/v2\/users\/1"}],"replies":[{"embeddable":true,"href":"https:\/\/entreriosbasquet.com\/site\/wp-json\/wp\/v2\/comments?post=12632"}],"version-history":[{"count":1,"href":"https:\/\/entreriosbasquet.com\/site\/wp-json\/wp\/v2\/posts\/12632\/revisions"}],"predecessor-version":[{"id":12634,"href":"https:\/\/entreriosbasquet.com\/site\/wp-json\/wp\/v2\/posts\/12632\/revisions\/12634"}],"wp:featuredmedia":[{"embeddable":true,"href":"https:\/\/entreriosbasquet.com\/site\/wp-json\/wp\/v2\/media\/12633"}],"wp:attachment":[{"href":"https:\/\/entreriosbasquet.com\/site\/wp-json\/wp\/v2\/media?parent=12632"}],"wp:term":[{"taxonomy":"category","embeddable":true,"href":"https:\/\/entreriosbasquet.com\/site\/wp-json\/wp\/v2\/categories?post=12632"},{"taxonomy":"post_tag","embeddable":true,"href":"https:\/\/entreriosbasquet.com\/site\/wp-json\/wp\/v2\/tags?post=12632"}],"curies":[{"name":"wp","href":"https:\/\/api.w.org\/{rel}","templated":true}]}}