{"id":12404,"date":"2021-04-27T18:24:06","date_gmt":"2021-04-27T21:24:06","guid":{"rendered":"http:\/\/entreriosbasquet.com\/site\/?p=12404"},"modified":"2021-04-27T19:15:06","modified_gmt":"2021-04-27T22:15:06","slug":"bancario-se-presento-rumbo-a-la-liga-de-mayores-2021","status":"publish","type":"post","link":"https:\/\/entreriosbasquet.com\/site\/2021\/04\/27\/bancario-se-presento-rumbo-a-la-liga-de-mayores-2021\/","title":{"rendered":"Bancario se present\u00f3 rumbo a la Liga de Mayores 2021"},"content":{"rendered":"<p style=\"text-align: justify;\">El Centro Bancario Gualeguay llev\u00f3 adelante la presentaci\u00f3n del equipo de Primera Divisi\u00f3n que disputar\u00e1 la Liga Provincial Masculina de Mayores a poco menos de un mes del inicio de la competencia federativa.<\/p>\n<p style=\"text-align: justify;\">Bajo todos los protocolos sanitarios y los cuidados de higiene, el evento cont\u00f3 con la presencia de algunos dirigentes de la Comisi\u00f3n Directiva y la Subcomisi\u00f3n de B\u00e1squet de la instituci\u00f3n y los medios de comunicaci\u00f3n de la localidad, televisivos, radiales y gr\u00e1ficos.<\/p>\n<p style=\"text-align: justify;\">En ese marco, los jugadores se fueron presentando uno por uno, contando sobre sus carreras y las \u00faltimas experiencias en la disciplina. Por su parte, el cuerpo t\u00e9cnico analiz\u00f3 la conformaci\u00f3n de la plantilla e hizo referencia a las expectativas de volver a ser protagonistas en la Liga Provincial.<\/p>\n<p style=\"text-align: justify;\">Durante la jornada en el estadio del CBG sucedi\u00f3 un acto sorpresivo e hist\u00f3rico de gran valor para la entidad: El presidente de Bancario, Ra\u00fal Almada, en nombre de la Comisi\u00f3n Directiva, hizo entrega del reconocimiento a la trayectoria al gran protagonista de la noche, el diploma manifiesta que nuestro gimnasio a partir de anoche se llama \u00abADOLFO OSCAR CAPURRO\u00bb.<\/p>\n<figure class=\"wp-block-image size-large\" style=\"text-align: justify;\"><img decoding=\"async\" loading=\"lazy\" class=\"wp-image-25501\" src=\"https:\/\/www.basquetentrerios.com\/wp-content\/uploads\/2021\/04\/oscar.jpg\" sizes=\"(max-width: 600px) 100vw, 600px\" srcset=\"https:\/\/www.basquetentrerios.com\/wp-content\/uploads\/2021\/04\/oscar.jpg 600w, https:\/\/www.basquetentrerios.com\/wp-content\/uploads\/2021\/04\/oscar-300x200.jpg 300w, https:\/\/www.basquetentrerios.com\/wp-content\/uploads\/2021\/04\/oscar-128x85.jpg 128w, https:\/\/www.basquetentrerios.com\/wp-content\/uploads\/2021\/04\/oscar-32x21.jpg 32w, https:\/\/www.basquetentrerios.com\/wp-content\/uploads\/2021\/04\/oscar-272x182.jpg 272w\" alt=\"\" width=\"600\" height=\"400\" \/><\/figure>\n<p style=\"text-align: justify;\">El nombramiento se produjo con la presencia de familiares del incansable dirigente y se vivieron momentos de mucha emoci\u00f3n. Oscar, quien hace casi 50 a\u00f1os forma parte de Bancario en distintas funciones, actualmente integra la Subcomisi\u00f3n de B\u00e1squet con todo su n\u00facleo familiar.<\/p>\n<p style=\"text-align: justify;\">\u00a0\u00abEstoy muy contento con este reconocimiento porque los que me conocen saben que Bancario es mi segunda casa. Es como que tu hijo te regale un presente ya que todos los muchachos tanto de la Comisi\u00f3n como los de las subcomisiones son todos amigos, como por ejemplo Ricardo (Taborda) que con justicia le pusieron su nombre a la cancha de f\u00fatbol. Somos de los pioneros viejos que estamos quedando y que lo hagan en vida al reconocimiento es una alegr\u00eda\u00bb, expres\u00f3 Oscar Capurro.<\/p>\n<p style=\"text-align: justify;\"><strong>MEDIA DAY:\u00a0<\/strong>El plantel del CBG y el cuerpo t\u00e9cnico comandado por Rom\u00e1n Nu\u00f1ez realiz\u00f3 d\u00edas atr\u00e1s una sesi\u00f3n de fotos organizada por el Departamento de Prensa y el fot\u00f3grafo Juli\u00e1n Ch\u00e1vez.<\/p>\n<p style=\"text-align: justify;\">Los jugadores disfrutaron en una jornada de flashes, risas y buena onda. Las fotos ser\u00e1n publicadas en la web de la FBER y que servir\u00e1n de soporte para todos los medios a lo largo de la temporada.<\/p>\n<p style=\"text-align: justify;\"><em>(Fotos: Juli\u00e1n Ch\u00e1vez)<\/em><\/p>\n","protected":false},"excerpt":{"rendered":"<p>El Centro Bancario Gualeguay llev\u00f3 adelante la presentaci\u00f3n del equipo de Primera Divisi\u00f3n que disputar\u00e1 la Liga Provincial Masculina de Mayores a poco menos de un mes del inicio de la competencia federativa. Bajo todos los protocolos sanitarios y los cuidados de higiene, el evento cont\u00f3 con la presencia de algunos dirigentes de la Comisi\u00f3n [&hellip;]<\/p>\n","protected":false},"author":1,"featured_media":12405,"comment_status":"closed","ping_status":"open","sticky":false,"template":"","format":"standard","meta":[],"categories":[17],"tags":[314,37],"_links":{"self":[{"href":"https:\/\/entreriosbasquet.com\/site\/wp-json\/wp\/v2\/posts\/12404"}],"collection":[{"href":"https:\/\/entreriosbasquet.com\/site\/wp-json\/wp\/v2\/posts"}],"about":[{"href":"https:\/\/entreriosbasquet.com\/site\/wp-json\/wp\/v2\/types\/post"}],"author":[{"embeddable":true,"href":"https:\/\/entreriosbasquet.com\/site\/wp-json\/wp\/v2\/users\/1"}],"replies":[{"embeddable":true,"href":"https:\/\/entreriosbasquet.com\/site\/wp-json\/wp\/v2\/comments?post=12404"}],"version-history":[{"count":1,"href":"https:\/\/entreriosbasquet.com\/site\/wp-json\/wp\/v2\/posts\/12404\/revisions"}],"predecessor-version":[{"id":12406,"href":"https:\/\/entreriosbasquet.com\/site\/wp-json\/wp\/v2\/posts\/12404\/revisions\/12406"}],"wp:featuredmedia":[{"embeddable":true,"href":"https:\/\/entreriosbasquet.com\/site\/wp-json\/wp\/v2\/media\/12405"}],"wp:attachment":[{"href":"https:\/\/entreriosbasquet.com\/site\/wp-json\/wp\/v2\/media?parent=12404"}],"wp:term":[{"taxonomy":"category","embeddable":true,"href":"https:\/\/entreriosbasquet.com\/site\/wp-json\/wp\/v2\/categories?post=12404"},{"taxonomy":"post_tag","embeddable":true,"href":"https:\/\/entreriosbasquet.com\/site\/wp-json\/wp\/v2\/tags?post=12404"}],"curies":[{"name":"wp","href":"https:\/\/api.w.org\/{rel}","templated":true}]}}