{"id":12305,"date":"2021-04-13T22:11:19","date_gmt":"2021-04-14T01:11:19","guid":{"rendered":"http:\/\/entreriosbasquet.com\/site\/?p=12305"},"modified":"2021-04-13T22:13:25","modified_gmt":"2021-04-14T01:13:25","slug":"gaston-cordoba-vuelve-a-central-para-lo-que-resta-del-federal","status":"publish","type":"post","link":"https:\/\/entreriosbasquet.com\/site\/2021\/04\/13\/gaston-cordoba-vuelve-a-central-para-lo-que-resta-del-federal\/","title":{"rendered":"Gast\u00f3n C\u00f3rdoba vuelve a Central para lo que resta del Federal"},"content":{"rendered":"<p>&nbsp;<\/p>\n<p style=\"text-align: justify;\"><strong><em>Por Daniel Serorena &#8211; Diario El D\u00eda<\/em><\/strong><\/p>\n<p style=\"text-align: justify;\">El alero cordob\u00e9s, que jug\u00f3 Liga Nacional en Atenas, se sumar\u00e1\u00a0a Central Entrerriano de Gualeguaych\u00fa en lugar del correntino Renzo Olivetti que fue desafectado del plantel. C\u00f3rdoba se sumar\u00eda el mi\u00e9rcoles a los entrenamientos y podr\u00eda jugar el viernes ante San Jos\u00e9.<\/p>\n<p style=\"text-align: justify;\">La noticia empez\u00f3 a circular como un rumor y fue tomando forma en los \u00faltimos d\u00edas. En la noche del martes, la dirigencia de\u00a0Central Entrerriano\u00a0confirm\u00f3 el retorno del alero cordob\u00e9s Gast\u00f3n C\u00f3rdoba al equipo que conduce Mariano Panizza, para jugar lo que resta de la temporada del\u00a0Torneo Federal.<\/p>\n<p style=\"text-align: justify;\">C\u00f3rdoba viene de jugar 40 partidos en Atenas en la Liga Nacional, promediando 7,2 puntos y 4,6 rebotes en una campa\u00f1a muy deslucida del Griego, que salv\u00f3 la categor\u00eda derrotando a Bah\u00eda B\u00e1squet en la serie de playout luego de haber quedado pen\u00faltimo en la fase regular.<\/p>\n<p style=\"text-align: justify;\">Al quedar liberado de su compromiso con el equipo cordob\u00e9s, Central Entrerriano lleg\u00f3 a un acuerdo con C\u00f3rdoba para que se sume a Central para lo que resta del Torneo Federal. Asimismo, desde la dirigencia de Central se confirm\u00f3 la salida del correntino Renzo Olivetti del plantel, quien ayer fue informado sobre la novedad por parte del cuerpo t\u00e9cnico, mientras que en el entrenamiento de la noche, la dirigencia inform\u00f3 al plantel sobre las novedades.<\/p>\n","protected":false},"excerpt":{"rendered":"<p>&nbsp; Por Daniel Serorena &#8211; Diario El D\u00eda El alero cordob\u00e9s, que jug\u00f3 Liga Nacional en Atenas, se sumar\u00e1\u00a0a Central Entrerriano de Gualeguaych\u00fa en lugar del correntino Renzo Olivetti que fue desafectado del plantel. C\u00f3rdoba se sumar\u00eda el mi\u00e9rcoles a los entrenamientos y podr\u00eda jugar el viernes ante San Jos\u00e9. La noticia empez\u00f3 a circular [&hellip;]<\/p>\n","protected":false},"author":1,"featured_media":12306,"comment_status":"closed","ping_status":"open","sticky":false,"template":"","format":"standard","meta":[],"categories":[16],"tags":[52,144,29],"_links":{"self":[{"href":"https:\/\/entreriosbasquet.com\/site\/wp-json\/wp\/v2\/posts\/12305"}],"collection":[{"href":"https:\/\/entreriosbasquet.com\/site\/wp-json\/wp\/v2\/posts"}],"about":[{"href":"https:\/\/entreriosbasquet.com\/site\/wp-json\/wp\/v2\/types\/post"}],"author":[{"embeddable":true,"href":"https:\/\/entreriosbasquet.com\/site\/wp-json\/wp\/v2\/users\/1"}],"replies":[{"embeddable":true,"href":"https:\/\/entreriosbasquet.com\/site\/wp-json\/wp\/v2\/comments?post=12305"}],"version-history":[{"count":3,"href":"https:\/\/entreriosbasquet.com\/site\/wp-json\/wp\/v2\/posts\/12305\/revisions"}],"predecessor-version":[{"id":12309,"href":"https:\/\/entreriosbasquet.com\/site\/wp-json\/wp\/v2\/posts\/12305\/revisions\/12309"}],"wp:featuredmedia":[{"embeddable":true,"href":"https:\/\/entreriosbasquet.com\/site\/wp-json\/wp\/v2\/media\/12306"}],"wp:attachment":[{"href":"https:\/\/entreriosbasquet.com\/site\/wp-json\/wp\/v2\/media?parent=12305"}],"wp:term":[{"taxonomy":"category","embeddable":true,"href":"https:\/\/entreriosbasquet.com\/site\/wp-json\/wp\/v2\/categories?post=12305"},{"taxonomy":"post_tag","embeddable":true,"href":"https:\/\/entreriosbasquet.com\/site\/wp-json\/wp\/v2\/tags?post=12305"}],"curies":[{"name":"wp","href":"https:\/\/api.w.org\/{rel}","templated":true}]}}