{"id":12302,"date":"2021-04-13T18:32:30","date_gmt":"2021-04-13T21:32:30","guid":{"rendered":"http:\/\/entreriosbasquet.com\/site\/?p=12302"},"modified":"2021-04-13T18:32:30","modified_gmt":"2021-04-13T21:32:30","slug":"entrerrianos-entrenaran-con-las-selecciones-argentinas-u23","status":"publish","type":"post","link":"https:\/\/entreriosbasquet.com\/site\/2021\/04\/13\/entrerrianos-entrenaran-con-las-selecciones-argentinas-u23\/","title":{"rendered":"Entrerrianos entrenar\u00e1n con las Selecciones Argentinas U23"},"content":{"rendered":"<p style=\"text-align: justify;\">Tras el largo parate producto de la pandemia, comienza a moverse el universo de las Selecciones formativas de nuestro pa\u00eds. Desde el pr\u00f3ximo mi\u00e9rcoles 14 se entrenar\u00e1n las Selecciones Argentinas U23 de 3\u00d73 en ambas ramas.<\/p>\n<p style=\"text-align: justify;\">Para ello, los cuerpos t\u00e9cnicos han anunciado una lista de 12 jugadores para la rama masculina y 12 jugadoras para la rama femenina, que trabajar\u00e1n en el club Obras Sanitarias. En las n\u00f3minas hay cuatro entrerrianos: Camila Su\u00e1rez, Sof\u00eda Wolf, Nicole Tapari y Agust\u00edn Facello.<\/p>\n<p style=\"text-align: justify;\">La convocatoria se encuadra en el marco de la preparaci\u00f3n para los Juegos Panamericanos Juveniles 2021, que se desarrollar\u00e1n en las ciudades colombianas de Cali y Valle del Cauca del 7 al 19 de septiembre de este a\u00f1o.<\/p>\n<p style=\"text-align: justify;\">Al igual que sucedi\u00f3 en los Juegos Ol\u00edmpicos de la Juventud, Buenos Aires 2018, el b\u00e1squetbol estar\u00e1 representado \u00fanicamente por la disciplina 3\u00d73, en donde nuestras selecciones tienen un destacad\u00edsimo desempe\u00f1o a nivel internacional con gran cantidad de medallas cosechadas y notables actuaciones.<\/p>\n<p style=\"text-align: justify;\"><strong>La lista de convocados es la siguiente:<\/strong><\/p>\n<p style=\"text-align: justify;\"><strong>En el Masculino:<\/strong>\u00a0Tom\u00e1s G\u00f3mez Colloca (All Boys \u2013 TFB), Felipe Bonfigli (Banco Provincia \u2013 TFB), Alejo Dig\u00f3n (Obras Sanitarias \u2013 TFB), Mat\u00edas Von Schmeling (Obras Sanitarias \u2013 TFB), Santiago Yaskulka (Ramos LTC \u2013 TFB), Tom\u00e1s Ricci (Ramos LTC \u2013 TFB), Aaron Pablo (Boca Jrs \u2013 TFB),\u00a0<strong>Agust\u00edn Facello\u00a0<\/strong>(Boca Jrs \u2013 TFB), Alejo Maggi (Ferro \u2013 TFB), Ramiro Stehli (Los Indios de Moreno \u2013 TFB), Joaqu\u00edn Ortiz (V\u00e9lez \u2013 TFB) y Nicol\u00e1s Pla (River Plate \u2013 TFB).<\/p>\n<p style=\"text-align: justify;\"><strong>En el Femenino:<\/strong>\u00a0Candela Gentineta (Berazategui), Malena Sosa (V\u00e9lez Sarsfield),\u00a0<strong>Camila Su\u00e1rez<\/strong>\u00a0(Obras), Victoria Gauna (Berazategui), Florencia Galb\u00e1n (V\u00e9lez Sarsfield), Sof\u00eda Acevedo (Los Indios de Moreno), Sof\u00eda Wolf (Berazategui), Laila Raviolo (Berazategui), Camila Peri (Lan\u00fas), Valentina Silva (V\u00e9lez Sarfield),\u00a0<strong>Nicole Tapari<\/strong>\u00a0(Obras) y Brenda Fontana (V\u00e9lez Sarfield-Texas El Paso de USA).<\/p>\n<p style=\"text-align: justify;\">Los convocados trabajar\u00e1n bajo la supervisi\u00f3n de todo el staff de trabajo del 3\u00d73 que tiene a Luciano Sant\u00edn y Sof\u00eda Castillo como entrenadores, m\u00e1s Ayel\u00e9n Cortez y Leandro Tesido, el preparador F\u00edsico Mat\u00edas Suhurt y la kinesi\u00f3loga Mail\u00e9n Rodrigo.<\/p>\n","protected":false},"excerpt":{"rendered":"<p>Tras el largo parate producto de la pandemia, comienza a moverse el universo de las Selecciones formativas de nuestro pa\u00eds. Desde el pr\u00f3ximo mi\u00e9rcoles 14 se entrenar\u00e1n las Selecciones Argentinas U23 de 3\u00d73 en ambas ramas. Para ello, los cuerpos t\u00e9cnicos han anunciado una lista de 12 jugadores para la rama masculina y 12 jugadoras [&hellip;]<\/p>\n","protected":false},"author":1,"featured_media":12303,"comment_status":"closed","ping_status":"open","sticky":false,"template":"","format":"standard","meta":[],"categories":[20],"tags":[],"_links":{"self":[{"href":"https:\/\/entreriosbasquet.com\/site\/wp-json\/wp\/v2\/posts\/12302"}],"collection":[{"href":"https:\/\/entreriosbasquet.com\/site\/wp-json\/wp\/v2\/posts"}],"about":[{"href":"https:\/\/entreriosbasquet.com\/site\/wp-json\/wp\/v2\/types\/post"}],"author":[{"embeddable":true,"href":"https:\/\/entreriosbasquet.com\/site\/wp-json\/wp\/v2\/users\/1"}],"replies":[{"embeddable":true,"href":"https:\/\/entreriosbasquet.com\/site\/wp-json\/wp\/v2\/comments?post=12302"}],"version-history":[{"count":1,"href":"https:\/\/entreriosbasquet.com\/site\/wp-json\/wp\/v2\/posts\/12302\/revisions"}],"predecessor-version":[{"id":12304,"href":"https:\/\/entreriosbasquet.com\/site\/wp-json\/wp\/v2\/posts\/12302\/revisions\/12304"}],"wp:featuredmedia":[{"embeddable":true,"href":"https:\/\/entreriosbasquet.com\/site\/wp-json\/wp\/v2\/media\/12303"}],"wp:attachment":[{"href":"https:\/\/entreriosbasquet.com\/site\/wp-json\/wp\/v2\/media?parent=12302"}],"wp:term":[{"taxonomy":"category","embeddable":true,"href":"https:\/\/entreriosbasquet.com\/site\/wp-json\/wp\/v2\/categories?post=12302"},{"taxonomy":"post_tag","embeddable":true,"href":"https:\/\/entreriosbasquet.com\/site\/wp-json\/wp\/v2\/tags?post=12302"}],"curies":[{"name":"wp","href":"https:\/\/api.w.org\/{rel}","templated":true}]}}