{"id":1194,"date":"2017-07-06T00:07:13","date_gmt":"2017-07-06T03:07:13","guid":{"rendered":"http:\/\/entreriosbasquet.com\/site\/?p=1194"},"modified":"2017-07-06T00:07:13","modified_gmt":"2017-07-06T03:07:13","slug":"rodrigo-acuna-la-nueva-cara-de-regatas","status":"publish","type":"post","link":"https:\/\/entreriosbasquet.com\/site\/2017\/07\/06\/rodrigo-acuna-la-nueva-cara-de-regatas\/","title":{"rendered":"Rodrigo Acu\u00f1a, la nueva cara de Regatas"},"content":{"rendered":"<p style=\"text-align: justify;\">Regatas de Concepci\u00f3n del Uruguay se prepara para afrontar el pr\u00f3ximo Torneo Federal de B\u00e1squet, es por ello que en las \u00faltimas horas se confirm\u00f3 la llegada al \u201cCeleste\u201d del p\u00edvot Rodrigo Acu\u00f1a.<\/p>\n<p style=\"text-align: justify;\">El ala-pivot, de 1,98 m. de altura y 22 a\u00f1os, naci\u00f3 en Rafaela, provincia de Santa Fe, y visti\u00f3 la camiseta de La Uni\u00f3n de Col\u00f3n por el TNA 2015-2016. Anteriormente defendi\u00f3 los colores de Banda Norte de R\u00edo Cuarto y San Martin de Corrientes en la segunda categor\u00eda nacional. La campa\u00f1a pasada jug\u00f3 para Sarmiento de Jun\u00edn en el Federal.<\/p>\n<p style=\"text-align: justify;\">Rodrigo es hermano de Roberto Acu\u00f1a, jugador de Pe\u00f1arol de Mar del Plata en la Liga Nacional e integrante de la Selecci\u00f3n Argentina en los Juegos Ol\u00edmpicos de R\u00edo de Janeiro 2016.<\/p>\n<p style=\"text-align: justify;\">De esta forma, adem\u00e1s de Acu\u00f1a, el entrenador Santiago Rimoldi ya cuenta con Facundo Barreto, Rom\u00e1n \u00abMemo\u00bb Rodr\u00edguez y Agust\u00edn Aguirre.<\/p>\n","protected":false},"excerpt":{"rendered":"<p>Regatas de Concepci\u00f3n del Uruguay se prepara para afrontar el pr\u00f3ximo Torneo Federal de B\u00e1squet, es por ello que en las \u00faltimas horas se confirm\u00f3 la llegada al \u201cCeleste\u201d del p\u00edvot Rodrigo Acu\u00f1a. El ala-pivot, de 1,98 m. de altura y 22 a\u00f1os, naci\u00f3 en Rafaela, provincia de Santa Fe, y visti\u00f3 la camiseta de [&hellip;]<\/p>\n","protected":false},"author":5,"featured_media":1195,"comment_status":"closed","ping_status":"open","sticky":false,"template":"","format":"standard","meta":[],"categories":[16],"tags":[53,125,101],"_links":{"self":[{"href":"https:\/\/entreriosbasquet.com\/site\/wp-json\/wp\/v2\/posts\/1194"}],"collection":[{"href":"https:\/\/entreriosbasquet.com\/site\/wp-json\/wp\/v2\/posts"}],"about":[{"href":"https:\/\/entreriosbasquet.com\/site\/wp-json\/wp\/v2\/types\/post"}],"author":[{"embeddable":true,"href":"https:\/\/entreriosbasquet.com\/site\/wp-json\/wp\/v2\/users\/5"}],"replies":[{"embeddable":true,"href":"https:\/\/entreriosbasquet.com\/site\/wp-json\/wp\/v2\/comments?post=1194"}],"version-history":[{"count":1,"href":"https:\/\/entreriosbasquet.com\/site\/wp-json\/wp\/v2\/posts\/1194\/revisions"}],"predecessor-version":[{"id":1196,"href":"https:\/\/entreriosbasquet.com\/site\/wp-json\/wp\/v2\/posts\/1194\/revisions\/1196"}],"wp:featuredmedia":[{"embeddable":true,"href":"https:\/\/entreriosbasquet.com\/site\/wp-json\/wp\/v2\/media\/1195"}],"wp:attachment":[{"href":"https:\/\/entreriosbasquet.com\/site\/wp-json\/wp\/v2\/media?parent=1194"}],"wp:term":[{"taxonomy":"category","embeddable":true,"href":"https:\/\/entreriosbasquet.com\/site\/wp-json\/wp\/v2\/categories?post=1194"},{"taxonomy":"post_tag","embeddable":true,"href":"https:\/\/entreriosbasquet.com\/site\/wp-json\/wp\/v2\/tags?post=1194"}],"curies":[{"name":"wp","href":"https:\/\/api.w.org\/{rel}","templated":true}]}}