{"id":11938,"date":"2021-03-04T17:49:24","date_gmt":"2021-03-04T20:49:24","guid":{"rendered":"http:\/\/entreriosbasquet.com\/site\/?p=11938"},"modified":"2021-03-04T17:49:24","modified_gmt":"2021-03-04T20:49:24","slug":"sebastian-vega-regresa-en-gimnasia-c-tras-la-lesion-de-tobillo","status":"publish","type":"post","link":"https:\/\/entreriosbasquet.com\/site\/2021\/03\/04\/sebastian-vega-regresa-en-gimnasia-c-tras-la-lesion-de-tobillo\/","title":{"rendered":"Sebasti\u00e1n Vega regresa en Gimnasia (C) tras la lesi\u00f3n de tobillo"},"content":{"rendered":"<p id=\"viewer-4q7cp\" class=\"XzvDs _208Ie ljrnk blog-post-text-font blog-post-text-color _2QAo- _25MYV _1Fao9 ljrnk public-DraftStyleDefault-block-depth0 public-DraftStyleDefault-text-ltr\" style=\"text-align: justify;\"><span class=\"vkIF2 public-DraftStyleDefault-ltr\">Tras recuperarse de la operaci\u00f3n en su tobillo, el jugador oriundo de Gualeguaych\u00fa, Sebasti\u00e1n Vega, se acopl\u00f3 a los entrenamientos de Gimnasia y Esgrima, que se prepara para la etapa final de la fase regular de la Liga Nacional de B\u00e1squetbol.<\/span><\/p>\n<p id=\"viewer-7eksu\" class=\"XzvDs _208Ie ljrnk blog-post-text-font blog-post-text-color _2QAo- _25MYV _1Fao9 ljrnk public-DraftStyleDefault-block-depth0 public-DraftStyleDefault-text-ltr\" style=\"text-align: justify;\"><span class=\"vkIF2 public-DraftStyleDefault-ltr\">Esta semana, Vega regres\u00f3 a las pr\u00e1cticas junto al plantel profesional de Gimnasia, que desarrolla sus entrenamientos en el turno ma\u00f1ana en el estadio Socios Fundadores. <\/span><\/p>\n<p id=\"viewer-bvkq1\" class=\"XzvDs _208Ie ljrnk blog-post-text-font blog-post-text-color _2QAo- _25MYV _1Fao9 ljrnk public-DraftStyleDefault-block-depth0 public-DraftStyleDefault-text-ltr\" style=\"text-align: justify;\"><span class=\"vkIF2 public-DraftStyleDefault-ltr\">El jugador de 32 a\u00f1os volvi\u00f3 luego de ser intervenido el pasado 22 de enero de \u201cun os trigonum, sobre hueso que se desarrolla en ocasiones detr\u00e1s del tobillo (astr\u00e1galo)\u201d, seg\u00fan detall\u00f3 el licenciado Fernando De Brito en el parte m\u00e9dico oficial del club. <\/span><\/p>\n<p id=\"viewer-8g2ue\" class=\"XzvDs _208Ie ljrnk blog-post-text-font blog-post-text-color _2QAo- _25MYV _1Fao9 ljrnk public-DraftStyleDefault-block-depth0 public-DraftStyleDefault-text-ltr\" style=\"text-align: justify;\"><span class=\"vkIF2 public-DraftStyleDefault-ltr\"><strong>\u201cEl entrenar y estar con los compa\u00f1eros a uno le hace muy bien. Por ah\u00ed me falta un poco para ponerme nuevamente en ritmo de b\u00e1squet pero la verdad que la recuperaci\u00f3n fue bastante buena y r\u00e1pida\u201d<\/strong>, se\u00f1al\u00f3 el basquetbolista en di\u00e1logo con el Departamento de Prensa. <\/span><\/p>\n<p id=\"viewer-4qvtu\" class=\"XzvDs _208Ie ljrnk blog-post-text-font blog-post-text-color _2QAo- _25MYV _1Fao9 ljrnk public-DraftStyleDefault-block-depth0 public-DraftStyleDefault-text-ltr\" style=\"text-align: justify;\"><span class=\"vkIF2 public-DraftStyleDefault-ltr\">Recordemos que llev\u00f3 adelante su etapa post-operatoria de kinesiolog\u00eda en Buenos Aires junto al licenciado Eros Marinelli y, tras arribar a Comodoro Rivadavia, finaliz\u00f3 dichos trabajos kin\u00e9sicos en el Centro de Salud Kinetics, junto a los profesionales De Brito y Juan Manuel Hern\u00e1ndez.<\/span><\/p>\n<p id=\"viewer-12sgd\" class=\"XzvDs _208Ie ljrnk blog-post-text-font blog-post-text-color _2QAo- _25MYV _1Fao9 ljrnk public-DraftStyleDefault-block-depth0 public-DraftStyleDefault-text-ltr\" style=\"text-align: justify;\"><span class=\"vkIF2 public-DraftStyleDefault-ltr\">Sobre su retorno a las actividades en cancha, sostuvo que <strong>\u201ces raro, los primeros d\u00edas uno tiene miedo y tiene sensaciones a las que no est\u00e1 acostumbrado, pero vamos d\u00eda a d\u00eda. Me voy sintiendo mejor con el correr de los entrenamientos y trabajo para ponerme lo m\u00e1s r\u00e1pido posible a punto para darle una mano al equipo\u201d.<\/strong><\/span><\/p>\n<p id=\"viewer-arbph\" class=\"XzvDs _208Ie ljrnk blog-post-text-font blog-post-text-color _2QAo- _25MYV _1Fao9 ljrnk public-DraftStyleDefault-block-depth0 public-DraftStyleDefault-text-ltr\" style=\"text-align: justify;\"><span class=\"vkIF2 public-DraftStyleDefault-ltr\">El alero trabaja pensando en retomar ritmo de juego para estar a disposici\u00f3n del cuerpo t\u00e9cnico de cara al encuentro del pr\u00f3ximo 10 de marzo ante Atenas de C\u00f3rdoba. En cuanto a esto, Vega expres\u00f3: <strong>\u201clo m\u00e1s importante es que estamos todos disponibles. Pasamos una racha negativa donde tuvimos muchos jugadores lesionados\u201d. <\/strong><\/span><\/p>\n<p id=\"viewer-27ona\" class=\"XzvDs _208Ie ljrnk blog-post-text-font blog-post-text-color _2QAo- _25MYV _1Fao9 ljrnk public-DraftStyleDefault-block-depth0 public-DraftStyleDefault-text-ltr\" style=\"text-align: justify;\"><span class=\"vkIF2 public-DraftStyleDefault-ltr\"><strong>\u201cEso se sent\u00eda much\u00edsimo y se hac\u00eda muy dif\u00edcil reemplazar tantas bajas. Ahora estamos poni\u00e9ndonos firmes para esta recta final de la Liga Nacional de cara a la parte m\u00e1s importante\u201d<\/strong>, subray\u00f3.<\/span><\/p>\n<p class=\"XzvDs _208Ie ljrnk blog-post-text-font blog-post-text-color _2QAo- _25MYV _1Fao9 ljrnk public-DraftStyleDefault-block-depth0 public-DraftStyleDefault-text-ltr\" style=\"text-align: justify;\">Pensando en el conjunto cordob\u00e9s, con quien el \u201cVerde\u201d cay\u00f3 por 60-52 en el \u201cH\u00e9ctor Etchart\u201d el 15 de diciembre del 2020, Vega coment\u00f3: <strong>\u201cestamos practicando m\u00e1s que nada c\u00f3mo juegan ellos, c\u00f3mo defienden. Principalmente porque en el encuentro anterior nos sacaron de partido y jugamos como ellos quer\u00edan. Lo importante es saber c\u00f3mo van a jugar y esta vez tratar de imponer nuestro juego\u201d<\/strong>, cerr\u00f3.<\/p>\n","protected":false},"excerpt":{"rendered":"<p>Tras recuperarse de la operaci\u00f3n en su tobillo, el jugador oriundo de Gualeguaych\u00fa, Sebasti\u00e1n Vega, se acopl\u00f3 a los entrenamientos de Gimnasia y Esgrima, que se prepara para la etapa final de la fase regular de la Liga Nacional de B\u00e1squetbol. Esta semana, Vega regres\u00f3 a las pr\u00e1cticas junto al plantel profesional de Gimnasia, que [&hellip;]<\/p>\n","protected":false},"author":1,"featured_media":11939,"comment_status":"closed","ping_status":"open","sticky":false,"template":"","format":"standard","meta":[],"categories":[12],"tags":[577],"_links":{"self":[{"href":"https:\/\/entreriosbasquet.com\/site\/wp-json\/wp\/v2\/posts\/11938"}],"collection":[{"href":"https:\/\/entreriosbasquet.com\/site\/wp-json\/wp\/v2\/posts"}],"about":[{"href":"https:\/\/entreriosbasquet.com\/site\/wp-json\/wp\/v2\/types\/post"}],"author":[{"embeddable":true,"href":"https:\/\/entreriosbasquet.com\/site\/wp-json\/wp\/v2\/users\/1"}],"replies":[{"embeddable":true,"href":"https:\/\/entreriosbasquet.com\/site\/wp-json\/wp\/v2\/comments?post=11938"}],"version-history":[{"count":1,"href":"https:\/\/entreriosbasquet.com\/site\/wp-json\/wp\/v2\/posts\/11938\/revisions"}],"predecessor-version":[{"id":11940,"href":"https:\/\/entreriosbasquet.com\/site\/wp-json\/wp\/v2\/posts\/11938\/revisions\/11940"}],"wp:featuredmedia":[{"embeddable":true,"href":"https:\/\/entreriosbasquet.com\/site\/wp-json\/wp\/v2\/media\/11939"}],"wp:attachment":[{"href":"https:\/\/entreriosbasquet.com\/site\/wp-json\/wp\/v2\/media?parent=11938"}],"wp:term":[{"taxonomy":"category","embeddable":true,"href":"https:\/\/entreriosbasquet.com\/site\/wp-json\/wp\/v2\/categories?post=11938"},{"taxonomy":"post_tag","embeddable":true,"href":"https:\/\/entreriosbasquet.com\/site\/wp-json\/wp\/v2\/tags?post=11938"}],"curies":[{"name":"wp","href":"https:\/\/api.w.org\/{rel}","templated":true}]}}