{"id":11653,"date":"2021-02-04T10:21:51","date_gmt":"2021-02-04T13:21:51","guid":{"rendered":"http:\/\/entreriosbasquet.com\/site\/?p=11653"},"modified":"2021-02-04T11:11:04","modified_gmt":"2021-02-04T14:11:04","slug":"otro-entrerriano-en-la-lnb-lautaro-pividori-a-comunicaciones","status":"publish","type":"post","link":"https:\/\/entreriosbasquet.com\/site\/2021\/02\/04\/otro-entrerriano-en-la-lnb-lautaro-pividori-a-comunicaciones\/","title":{"rendered":"Otro entrerriano en la LNB: Lautaro Pividori a Comunicaciones"},"content":{"rendered":"<p style=\"text-align: justify;\">El juvenil base <strong>Lautaro Pividori<\/strong> continuar\u00e1 su carrera en <strong><em>Comunicaciones de Mercedes<\/em><\/strong> y ser\u00e1 parte del plantel de la instituci\u00f3n correntina que participa de la Liga Nacional. Pese a que desde el club no publicaron informaci\u00f3n oficial, fue su agente Mariano N\u00f3bile quien dio a conocer la noticia.<\/p>\n<p style=\"text-align: justify;\">Pividori viajar\u00e1 el pr\u00f3ximo domingo a Marcedes y el lunes tendr\u00e1 su primer entrenamiento con el conjunto dirigido por\u00a0Ariel Rearte.<\/p>\n<p style=\"text-align: justify;\">El armador de 19 a\u00f1os (10\/08\/2001) y 1.84 m. de estatura disput\u00f3 la pasada temporada en Echag\u00fce de Paran\u00e1 en la Liga Argentina. Lo hizo durante poco m\u00e1s de dos meses hasta la \u201cterminaci\u00f3n temprana\u201d del certamen por la pandemia de coronavirus.<\/p>\n<p style=\"text-align: justify;\">Surgido de la cantera del Club Paracao, en 2017 pas\u00f3 a Ciclista donde complet\u00f3 su proceso en categor\u00eda formativas. All\u00ed debut\u00f3 en la Primera Divisi\u00f3n y particip\u00f3 un par de temporadas con el \u201cVerde\u201d en la Liga Provincial de Mayores.<\/p>\n<p style=\"text-align: justify;\">Lautaro fue integrante de selecciones entrerrianas (campe\u00f3n argentino en U19) y form\u00f3 parte de varias Selecciones Argentinas, participando en torneos como Cuatro Naciones U14 (Ancud, Chile), Sudamericano U14 2014 (Encarnaci\u00f3n, Paraguay), Sudamericano U15 2016 (Asunci\u00f3n, Paraguay), TBF U16 International Tournament 2017 (Turqu\u00eda) y FIBA Am\u00e9ricas U16 2017 (Formosa, Argentina).<\/p>\n","protected":false},"excerpt":{"rendered":"<p>El juvenil base Lautaro Pividori continuar\u00e1 su carrera en Comunicaciones de Mercedes y ser\u00e1 parte del plantel de la instituci\u00f3n correntina que participa de la Liga Nacional. Pese a que desde el club no publicaron informaci\u00f3n oficial, fue su agente Mariano N\u00f3bile quien dio a conocer la noticia. Pividori viajar\u00e1 el pr\u00f3ximo domingo a Marcedes [&hellip;]<\/p>\n","protected":false},"author":1,"featured_media":11654,"comment_status":"closed","ping_status":"open","sticky":false,"template":"","format":"standard","meta":[],"categories":[12],"tags":[89,23],"_links":{"self":[{"href":"https:\/\/entreriosbasquet.com\/site\/wp-json\/wp\/v2\/posts\/11653"}],"collection":[{"href":"https:\/\/entreriosbasquet.com\/site\/wp-json\/wp\/v2\/posts"}],"about":[{"href":"https:\/\/entreriosbasquet.com\/site\/wp-json\/wp\/v2\/types\/post"}],"author":[{"embeddable":true,"href":"https:\/\/entreriosbasquet.com\/site\/wp-json\/wp\/v2\/users\/1"}],"replies":[{"embeddable":true,"href":"https:\/\/entreriosbasquet.com\/site\/wp-json\/wp\/v2\/comments?post=11653"}],"version-history":[{"count":3,"href":"https:\/\/entreriosbasquet.com\/site\/wp-json\/wp\/v2\/posts\/11653\/revisions"}],"predecessor-version":[{"id":11657,"href":"https:\/\/entreriosbasquet.com\/site\/wp-json\/wp\/v2\/posts\/11653\/revisions\/11657"}],"wp:featuredmedia":[{"embeddable":true,"href":"https:\/\/entreriosbasquet.com\/site\/wp-json\/wp\/v2\/media\/11654"}],"wp:attachment":[{"href":"https:\/\/entreriosbasquet.com\/site\/wp-json\/wp\/v2\/media?parent=11653"}],"wp:term":[{"taxonomy":"category","embeddable":true,"href":"https:\/\/entreriosbasquet.com\/site\/wp-json\/wp\/v2\/categories?post=11653"},{"taxonomy":"post_tag","embeddable":true,"href":"https:\/\/entreriosbasquet.com\/site\/wp-json\/wp\/v2\/tags?post=11653"}],"curies":[{"name":"wp","href":"https:\/\/api.w.org\/{rel}","templated":true}]}}