{"id":11649,"date":"2021-02-04T09:47:19","date_gmt":"2021-02-04T12:47:19","guid":{"rendered":"http:\/\/entreriosbasquet.com\/site\/?p=11649"},"modified":"2021-02-04T09:47:19","modified_gmt":"2021-02-04T12:47:19","slug":"en-marcha-la-pretemporada-de-ferro-de-concordia","status":"publish","type":"post","link":"https:\/\/entreriosbasquet.com\/site\/2021\/02\/04\/en-marcha-la-pretemporada-de-ferro-de-concordia\/","title":{"rendered":"En marcha la pretemporada de Ferro de Concordia"},"content":{"rendered":"<p style=\"text-align: justify;\">El lunes por la noche en el Gimnasio Juan de Dios Obreg\u00f3n, el Club Atl\u00e9tico Ferrocarril\u00a0arranc\u00f3\u00a0la mini pretemporada pensando en el arranque del Torneo Federal de B\u00e1squet de Transici\u00f3n pactado para el viernes 26 de febrero. Primeramente tomaron la palabra los dirigentes de la instituci\u00f3n, luego los miembros del cuerpo t\u00e9cnico y finalmente comenzaron los trabajos f\u00edsicos. Cabe destacar que se produjeron tres regresos a la instituci\u00f3n como los de Agust\u00edn P\u00e9rez, Lucas Stanghelini y Exequiel Imbelloni y se espera por la confirmaci\u00f3n de una ficha mayor m\u00e1s para cerrar el plantel.<\/p>\n<p style=\"text-align: justify;\">En el primer d\u00eda del segundo mes del a\u00f1o, el \u201cExpreso\u201d comenz\u00f3 la pretemporada con miras al venidero TFB que arrancar\u00e1 el \u00faltimo viernes de febrero.\u00a0El dirigente Hern\u00e1n Henchoz fue el primero en tomar la palabra e\u00a0hizo hincapi\u00e9 en el tema protocolos y lo importante que es el cuidado de los jugadores fuera de la cancha.<\/p>\n<p style=\"text-align: justify;\">En segundo lugar habl\u00f3 el Presidente de la instituci\u00f3n, Adri\u00e1n Giles, que agradeci\u00f3 tanto al plantel como al cuerpo t\u00e9cnico por la predisposici\u00f3n en este nuevo desaf\u00edo del club de calle Buenos Aires.<\/p>\n<p style=\"text-align: justify;\">Luego fue el turno del cuerpo t\u00e9cnico.\u00a0El\u00a0preparador f\u00edsico Guillermo Barrios coment\u00f3 como ser\u00e1 el plan de trabajo y posteriormente el musicoterapeuta Juli\u00e1n Presas explic\u00f3 brevemente el significado de la m\u00fasica y sus elementos para facilitar la comunicaci\u00f3n en el grupo humano. Por \u00faltimo, el entrenador Mart\u00edn Segovia explic\u00f3 c\u00f3mo ser\u00e1 la metodolog\u00eda de los entrenamientos en estas\u00a0casi\u00a0tres semanas y medias previas al comienzo de la competencia oficial.<\/p>\n<p style=\"text-align: justify;\"><strong><u>REGRESOS AL CLUB<\/u><\/strong><\/p>\n<p style=\"text-align: justify;\">Teniendo en cuenta que la idea del club en este certamen de Transici\u00f3n es tener un equipo representado por la totalidad de basquetbol\u00edstas concordienses cabe destacar que se produjo el regreso de tres jugadores que ya han vestido la camiseta ferroviaria en diferentes partes de su historia.<\/p>\n<p style=\"text-align: justify;\">Ellos son Agust\u00edn P\u00e9rez, que hizo parte de las inferiores en Ferro y luego cuando se fue a estudiar a Concepci\u00f3n del Uruguay jug\u00f3 en la U19 del Tom\u00e1s de Rocamora. Luego regres\u00f3 a Concordia y form\u00f3 parte del Proyecto UTN donde tuvo mucho protagonismo. Adem\u00e1s, form\u00f3 parte de la LDD de Estudiantes en la temporada 2016-2017. El alero, que tambi\u00e9n puede desempe\u00f1arse de ala pivot, tiene 26 a\u00f1os y naci\u00f3 el 12 de febrero de 1994.<\/p>\n<p style=\"text-align: justify;\">Otro de las vueltas es la de Lucas Stanghelini, otro de los productos de la cantera. El base que tambi\u00e9n puede oficializar de escolta jug\u00f3 muchos TFB en el ferroviario y tambi\u00e9n tuvo su paso por Ferrocarril de San Salvador. La \u00faltima incursi\u00f3n en el club fue en el Asociativo Promocional del a\u00f1o 2019. Con 22 a\u00f1os y nacido el 4 de noviembre del 1998 ser\u00e1 Lucas quien ocupe la ficha U23.<\/p>\n<p style=\"text-align: justify;\">Por \u00faltimo y diez a\u00f1os despu\u00e9s regresa a la estaci\u00f3n m\u00e1s grande del b\u00e1squet Exequiel Imbelloni. El ala pivot de 32 a\u00f1os nacido el 16 de junio de 1988 disput\u00f3 varias Ligas Provinciales de Mayores en el \u201cexpreso\u201d y tambi\u00e9n disput\u00f3 una Liga Nacional \u201cB\u201d con la camiseta de Estudiantes en el 2008. Su \u00faltimo paso basquetbol\u00edstico lo tuvo en el 2019 en Capuchinos en el Asociativo local.<\/p>\n<p style=\"text-align: justify;\"><strong><u>\u00daLTIMA FICHA<\/u><\/strong><\/p>\n<p style=\"text-align: justify;\">La Dirigencia mientras tanto contin\u00faa trabajando para cerrar la sexta y \u00faltima ficha mayor. En los pr\u00f3ximos d\u00edas podr\u00eda haber novedades pero la Comisi\u00f3n Directiva pretende que el refuerzo sea otro jugador residente de Concordia.<\/p>\n<p style=\"text-align: justify;\"><strong><u>PLANTEL<\/u><\/strong><\/p>\n<p style=\"text-align: justify;\"><strong>Fichas Mayores:<\/strong> Ricardo Truffa, Leandro Merino, Federico Cabrera, Agust\u00edn P\u00e9rez y Exequiel Imbelloni. <strong>U23:<\/strong> Lucas Stanghelini, U21: Joaqu\u00edn Obreg\u00f3n y Joaqu\u00edn Ortiz (ausente por un tema familiar). <strong>Juveniles:<\/strong> Luciano Silvestrini, Nicol\u00e1s Hench\u00f3z, Cristian Pelizzari, Jonathan Villagra, Fabricio Barboza y Pablo Nogu\u00e9s.<\/p>\n","protected":false},"excerpt":{"rendered":"<p>El lunes por la noche en el Gimnasio Juan de Dios Obreg\u00f3n, el Club Atl\u00e9tico Ferrocarril\u00a0arranc\u00f3\u00a0la mini pretemporada pensando en el arranque del Torneo Federal de B\u00e1squet de Transici\u00f3n pactado para el viernes 26 de febrero. Primeramente tomaron la palabra los dirigentes de la instituci\u00f3n, luego los miembros del cuerpo t\u00e9cnico y finalmente comenzaron los [&hellip;]<\/p>\n","protected":false},"author":1,"featured_media":11650,"comment_status":"closed","ping_status":"open","sticky":false,"template":"","format":"standard","meta":[],"categories":[16],"tags":[],"_links":{"self":[{"href":"https:\/\/entreriosbasquet.com\/site\/wp-json\/wp\/v2\/posts\/11649"}],"collection":[{"href":"https:\/\/entreriosbasquet.com\/site\/wp-json\/wp\/v2\/posts"}],"about":[{"href":"https:\/\/entreriosbasquet.com\/site\/wp-json\/wp\/v2\/types\/post"}],"author":[{"embeddable":true,"href":"https:\/\/entreriosbasquet.com\/site\/wp-json\/wp\/v2\/users\/1"}],"replies":[{"embeddable":true,"href":"https:\/\/entreriosbasquet.com\/site\/wp-json\/wp\/v2\/comments?post=11649"}],"version-history":[{"count":1,"href":"https:\/\/entreriosbasquet.com\/site\/wp-json\/wp\/v2\/posts\/11649\/revisions"}],"predecessor-version":[{"id":11651,"href":"https:\/\/entreriosbasquet.com\/site\/wp-json\/wp\/v2\/posts\/11649\/revisions\/11651"}],"wp:featuredmedia":[{"embeddable":true,"href":"https:\/\/entreriosbasquet.com\/site\/wp-json\/wp\/v2\/media\/11650"}],"wp:attachment":[{"href":"https:\/\/entreriosbasquet.com\/site\/wp-json\/wp\/v2\/media?parent=11649"}],"wp:term":[{"taxonomy":"category","embeddable":true,"href":"https:\/\/entreriosbasquet.com\/site\/wp-json\/wp\/v2\/categories?post=11649"},{"taxonomy":"post_tag","embeddable":true,"href":"https:\/\/entreriosbasquet.com\/site\/wp-json\/wp\/v2\/tags?post=11649"}],"curies":[{"name":"wp","href":"https:\/\/api.w.org\/{rel}","templated":true}]}}