{"id":11646,"date":"2021-02-04T09:17:33","date_gmt":"2021-02-04T12:17:33","guid":{"rendered":"http:\/\/entreriosbasquet.com\/site\/?p=11646"},"modified":"2021-02-04T10:02:42","modified_gmt":"2021-02-04T13:02:42","slug":"gustavo-agasse-regresa-a-olimpia-como-director-deportivo","status":"publish","type":"post","link":"https:\/\/entreriosbasquet.com\/site\/2021\/02\/04\/gustavo-agasse-regresa-a-olimpia-como-director-deportivo\/","title":{"rendered":"Gustavo Agasse regresa a Olimpia como Director Deportivo"},"content":{"rendered":"<p style=\"text-align: justify;\">Durante la presente semana se llev\u00f3 a cabo una reuni\u00f3n entre dirigentes y profesores del CAO y Gustavo Agasse, quien present\u00f3 un proyecto deportivo para la instituci\u00f3n. \u201cSiempre es bueno volver al primer amor\u201d, afirm\u00f3 el Flaco.<\/p>\n<p style=\"text-align: justify;\">Con la presencia de Ra\u00fal Geller, Francisco Lamic, Nicol\u00e1s S\u00e1nchez, Sergio Caminos, Lisandro Cian, Juan Gastaldo, Lisandro Ruiz Moreno y Marco Percara, el entrenador campe\u00f3n con Olimpia en 2017 de la Liga Provincial dio a conocer el proyecto deportivo, que \u201cse basa en la necesidad de sentar las bases de un modelo de acci\u00f3n institucional que se enmarque dentro de las ideas y tiempos actuales del B\u00e1squetbol, y que est\u00e9n acordes a la realidad de nuestro club.\u201d<\/p>\n<p style=\"text-align: justify;\">Ante su retorno a la instituci\u00f3n, Agasse dijo que\u00a0<em>\u201csiempre es bueno volver al primer amor. En esta oportunidad, despu\u00e9s de unos a\u00f1os alejado, me pongo a trabajar como director deportivo, siendo un nexo entre la dirigencia, los entrenadores y todo lo que pase con respecto al b\u00e1squet en Olimpia\u201d<\/em>. A lo que agreg\u00f3:\u00a0<em>\u201cEsa figura no estaba en el club, quiz\u00e1s a\u00f1os anteriores la llevaron a cabo Quique Agasse, que era un todo terreno, o un mont\u00f3n de dirigentes que hemos tenido a trav\u00e9s de los a\u00f1os. El b\u00e1squet actual y la situaci\u00f3n en la que esta Olimpia, en un periodo de innovaci\u00f3n, es lo m\u00e1s acertado. Es una manera de reorganizarse y optimizar todos los recursos que tiene el club\u201d.<\/em><\/p>\n<p style=\"text-align: justify;\">El proyecto tendr\u00e1 como primer punto tratar de que lleguen jugadores.\u00a0<em>\u201cTrataremos de que jugadores que se fueron en el \u00faltimo tiempo vuelvan y tambi\u00e9n motivar a muchos chicos de Paran\u00e1 que quieren estar en un club cien por ciento de basquetbol\u00edstico como es Olimpia<\/em>\u201c. A su vez explic\u00f3 que\u00a0<em>\u201cbuscaremos unificar criterios de todos los entrenadores\u201d<\/em>.<\/p>\n<blockquote>\n<p class=\"has-background has-pale-cyan-blue-background-color\"><strong><em>La figura de Director Deportivo tiene como incumbencias determinar las formas de trabajo, que identifique y que represente al Club, basada en la rica historia y buscando uniformidad de criterios, de acuerdo a la categor\u00eda. Adem\u00e1s, busca ser un nexo entre padres, dirigentes y jugadores.<\/em><\/strong><\/p>\n<\/blockquote>\n<p style=\"text-align: justify;\">En este sentido, estar\u00e1 a cargo de\u00a0<em>\u201ctrabajar bien cerca de los entrenadores para darle una forma de juego determinada a todas las categor\u00edas, bas\u00e1ndose siempre en lo que identific\u00f3 a Olimpia, que es un buen juego colectivo e individualidades que hacen crecer al equipo. Volver a ser en alg\u00fan momento la cantera que fue Olimpia\u201d.<\/em><\/p>\n<p style=\"text-align: justify;\">Para finalizar coment\u00f3 que la idea es que\u00a0<em>\u201ctenga duraci\u00f3n a trav\u00e9s del tiempo\u201d<\/em>, pero sabiendo que\u00a0<em>\u201chay prioridades dentro del club como sumar m\u00e1s jugadores porque en algunas categor\u00edas hay pocos chicos\u201d.<\/em><\/p>\n<p style=\"text-align: justify;\"><em>\u201cLo primero es reorganizarnos y trabajar todos bajo una misma l\u00ednea y que el club vaya viendo sus frutos para optimizar recursos, espacios, la infraestructura y, a medida que nos vayamos organizando, van a ir surgiendo los frutos\u201d<\/em>\u00a0concluy\u00f3.<\/p>\n<p style=\"text-align: justify;\">Cabe destacar que el \u201cFlaco\u201d cumplir\u00e1 esta nueva funci\u00f3n Ad Honorem, con la intenci\u00f3n clara de ayudar a la instituci\u00f3n que lo vio crecer.<\/p>\n","protected":false},"excerpt":{"rendered":"<p>Durante la presente semana se llev\u00f3 a cabo una reuni\u00f3n entre dirigentes y profesores del CAO y Gustavo Agasse, quien present\u00f3 un proyecto deportivo para la instituci\u00f3n. \u201cSiempre es bueno volver al primer amor\u201d, afirm\u00f3 el Flaco. Con la presencia de Ra\u00fal Geller, Francisco Lamic, Nicol\u00e1s S\u00e1nchez, Sergio Caminos, Lisandro Cian, Juan Gastaldo, Lisandro Ruiz [&hellip;]<\/p>\n","protected":false},"author":1,"featured_media":11647,"comment_status":"closed","ping_status":"open","sticky":false,"template":"","format":"standard","meta":[],"categories":[12],"tags":[256,46],"_links":{"self":[{"href":"https:\/\/entreriosbasquet.com\/site\/wp-json\/wp\/v2\/posts\/11646"}],"collection":[{"href":"https:\/\/entreriosbasquet.com\/site\/wp-json\/wp\/v2\/posts"}],"about":[{"href":"https:\/\/entreriosbasquet.com\/site\/wp-json\/wp\/v2\/types\/post"}],"author":[{"embeddable":true,"href":"https:\/\/entreriosbasquet.com\/site\/wp-json\/wp\/v2\/users\/1"}],"replies":[{"embeddable":true,"href":"https:\/\/entreriosbasquet.com\/site\/wp-json\/wp\/v2\/comments?post=11646"}],"version-history":[{"count":2,"href":"https:\/\/entreriosbasquet.com\/site\/wp-json\/wp\/v2\/posts\/11646\/revisions"}],"predecessor-version":[{"id":11652,"href":"https:\/\/entreriosbasquet.com\/site\/wp-json\/wp\/v2\/posts\/11646\/revisions\/11652"}],"wp:featuredmedia":[{"embeddable":true,"href":"https:\/\/entreriosbasquet.com\/site\/wp-json\/wp\/v2\/media\/11647"}],"wp:attachment":[{"href":"https:\/\/entreriosbasquet.com\/site\/wp-json\/wp\/v2\/media?parent=11646"}],"wp:term":[{"taxonomy":"category","embeddable":true,"href":"https:\/\/entreriosbasquet.com\/site\/wp-json\/wp\/v2\/categories?post=11646"},{"taxonomy":"post_tag","embeddable":true,"href":"https:\/\/entreriosbasquet.com\/site\/wp-json\/wp\/v2\/tags?post=11646"}],"curies":[{"name":"wp","href":"https:\/\/api.w.org\/{rel}","templated":true}]}}