{"id":11063,"date":"2020-10-04T00:24:13","date_gmt":"2020-10-04T03:24:13","guid":{"rendered":"http:\/\/entreriosbasquet.com\/site\/?p=11063"},"modified":"2020-10-04T01:21:42","modified_gmt":"2020-10-04T04:21:42","slug":"pablo-heit-una-promesa-entrerriana-que-colgo-las-botas-muy-joven","status":"publish","type":"post","link":"https:\/\/entreriosbasquet.com\/site\/2020\/10\/04\/pablo-heit-una-promesa-entrerriana-que-colgo-las-botas-muy-joven\/","title":{"rendered":"Pablo Heit, una promesa entrerriana que \u201ccolg\u00f3 las botas\u201d muy joven"},"content":{"rendered":"<p style=\"text-align: justify;\">En Entre R\u00edos B\u00e1squet realizamos una nota acerca de una concentraci\u00f3n de la Preselecci\u00f3n Juvenil Argentina hace 14 a\u00f1os en la ciudad de Concordia como parte de la preparaci\u00f3n para el Campeonato FIBA Am\u00e9ricas U17 (Premundial) que se desarroll\u00f3 el San Antonio. En aquel equipo preliminar hubo dos entrerrianos: Sebasti\u00e1n Vega y Pablo Heit.<\/p>\n<p style=\"text-align: justify;\">Todos conocemos la importante carrera que ha forjado Sebasti\u00e1n Vega en el b\u00e1squet nacional pero\u2026 \u00bfQui\u00e9n es <strong><em>Pablo Antonio Heit<\/em><\/strong>? Nacido el 24 de mayo de 1989 en la ciudad a la vera del R\u00edo Uruguay, tras el fallecimiento de su padre, a los 5 a\u00f1os se traslad\u00f3 junto a toda su familia a Neuqu\u00e9n, de donde es oriunda su mam\u00e1. Comenz\u00f3 a jugar en Independiente hasta que Atenas de C\u00f3rdoba lo reclut\u00f3 en el 2003 y tras dos a\u00f1os decidi\u00f3 volverse a Neuqu\u00e9n, pero el club de la \u201cDocta\u201d no le quiso dar el pase que tuvo que negociar por casi dos a trav\u00e9s de su representante.<\/p>\n<p style=\"text-align: justify;\">Ese conflicto con la dirigencia del \u201cGriego\u201d no le impidi\u00f3 ser convocado a las Selecciones Nacionales de Formativas. El p\u00edvot de 2.03 de altura, en 2004 y dando un a\u00f1o de \u201cventaja\u201d se gan\u00f3 un lugar en el equipo que logr\u00f3 el t\u00edtulo sudamericano de Cadetes en Catamarca, mientras que en 2005 volvi\u00f3 a coronarse en el torneo subcontinental de Cadetes en Piri\u00e1polis, Uruguay.<\/p>\n<p style=\"text-align: justify;\">El 2005 fue un a\u00f1o fren\u00e9tico en la carrera de Pablo porque tambi\u00e9n se subi\u00f3 a lo m\u00e1s alto del podio en el Sudamericano U17 en Barquisimeto, Venezuela. En aquel plantel le gan\u00f3 la pulseada en el puesto a otro entrerriano, Alberto \u201cCoqui\u201d Pastori (Paran\u00e1), que en ese momento militaba en Ben Hur de Rafaela.<\/p>\n<p style=\"text-align: justify;\">Adem\u00e1s Heit fue uno de los 57 jugadores de Sudam\u00e9rica (14 de Argentina) que participaron del \u201cBasquet sin Fronteras\u201d de la NBA en 2005 realizado en el Centro Nacional de Alto Rendimiento Deportivo (CeNARD) donde comparti\u00f3 la cl\u00ednica con Emanuel Gin\u00f3bili, Carlos Delfino, Andr\u00e9s Nocioni y otras destacadas figuras del b\u00e1squet norteamericano. Adem\u00e1s, fue seleccionado en dicho encuentro para participar del Juego de las Estrellas entre las j\u00f3venes promesas del b\u00e1squetbol sudamericano.<\/p>\n<p style=\"text-align: justify;\">Una vez solucionado el problema contractual con Atenas de C\u00f3rdoba, Heit hizo su debut con los mayores en Independiente de Neuqu\u00e9n en la temporada 2006\/2007 del TNA (4 partidos). El \u201cRojo\u201d logr\u00f3 el ascenso a la Liga Nacional de B\u00e1squet tras 14 a\u00f1os luego de vencer en la serie de semifinal 3-1 a Pedro Echag\u00fce con el concordiense en sus filas.<\/p>\n<p style=\"text-align: justify;\">El estreno en la LNB lleg\u00f3 el 18 de noviembre de 2007 frente a Estudiantes de Bah\u00eda Blanca en una campa\u00f1a que Pablo disput\u00f3 10 juegos. En tanto que en la temporada 2008\/2009 ingres\u00f3 en 43 partidos pero promedi\u00f3 apenas 4.5 minutos. All\u00ed lleg\u00f3 un cambio de aire y para la venidera campa\u00f1a se mud\u00f3 a Monte Hermoso para jugar en El Nacional; sin embargo, tampoco pudo asentarse: 6 partidos con 5.3 minutos de media.<\/p>\n<p style=\"text-align: justify;\">El entrerriano pas\u00f3 por Uni\u00f3n Alem Progresista de Allen y luego recal\u00f3 en Atl\u00e9tico Regina (Villa Regina, R\u00edo Negro) en el Torneo Federal. Su \u00faltimo paso por una cancha de b\u00e1squet se dio en 2012 en Liniers de Bah\u00eda Blanca. Heit lleg\u00f3 a la localidad de la Provincia de Buenos Aires con una lesi\u00f3n en el hombro y tras algunos meses en la Primera local se resinti\u00f3, situaci\u00f3n que aliger\u00f3 el hecho de \u201ccolgar las zapatillas\u201d con apenas 23 a\u00f1os.<\/p>\n<p style=\"text-align: justify;\">Por aquellos d\u00edas Pablo decidi\u00f3 volver a Neuqu\u00e9n ya de forma definitiva. Entre R\u00edos B\u00e1squet estuvo en contacto con el oriundo de Concordia que nos cont\u00f3 que es pap\u00e1 de Emilia y actualmente trabaja en el Poder Judicial. En definitiva podr\u00eda decirse que es una historia como la de muchos jugadores; para nosotros fue contar acerca de una promesa entrerriana que \u201ccolg\u00f3 las botas\u201d muy joven.<\/p>\n","protected":false},"excerpt":{"rendered":"<p>En Entre R\u00edos B\u00e1squet realizamos una nota acerca de una concentraci\u00f3n de la Preselecci\u00f3n Juvenil Argentina hace 14 a\u00f1os en la ciudad de Concordia como parte de la preparaci\u00f3n para el Campeonato FIBA Am\u00e9ricas U17 (Premundial) que se desarroll\u00f3 el San Antonio. En aquel equipo preliminar hubo dos entrerrianos: Sebasti\u00e1n Vega y Pablo Heit. Todos [&hellip;]<\/p>\n","protected":false},"author":1,"featured_media":11064,"comment_status":"closed","ping_status":"open","sticky":false,"template":"","format":"standard","meta":[],"categories":[20],"tags":[],"_links":{"self":[{"href":"https:\/\/entreriosbasquet.com\/site\/wp-json\/wp\/v2\/posts\/11063"}],"collection":[{"href":"https:\/\/entreriosbasquet.com\/site\/wp-json\/wp\/v2\/posts"}],"about":[{"href":"https:\/\/entreriosbasquet.com\/site\/wp-json\/wp\/v2\/types\/post"}],"author":[{"embeddable":true,"href":"https:\/\/entreriosbasquet.com\/site\/wp-json\/wp\/v2\/users\/1"}],"replies":[{"embeddable":true,"href":"https:\/\/entreriosbasquet.com\/site\/wp-json\/wp\/v2\/comments?post=11063"}],"version-history":[{"count":2,"href":"https:\/\/entreriosbasquet.com\/site\/wp-json\/wp\/v2\/posts\/11063\/revisions"}],"predecessor-version":[{"id":11068,"href":"https:\/\/entreriosbasquet.com\/site\/wp-json\/wp\/v2\/posts\/11063\/revisions\/11068"}],"wp:featuredmedia":[{"embeddable":true,"href":"https:\/\/entreriosbasquet.com\/site\/wp-json\/wp\/v2\/media\/11064"}],"wp:attachment":[{"href":"https:\/\/entreriosbasquet.com\/site\/wp-json\/wp\/v2\/media?parent=11063"}],"wp:term":[{"taxonomy":"category","embeddable":true,"href":"https:\/\/entreriosbasquet.com\/site\/wp-json\/wp\/v2\/categories?post=11063"},{"taxonomy":"post_tag","embeddable":true,"href":"https:\/\/entreriosbasquet.com\/site\/wp-json\/wp\/v2\/tags?post=11063"}],"curies":[{"name":"wp","href":"https:\/\/api.w.org\/{rel}","templated":true}]}}