{"id":11060,"date":"2020-10-03T23:47:30","date_gmt":"2020-10-04T02:47:30","guid":{"rendered":"http:\/\/entreriosbasquet.com\/site\/?p=11060"},"modified":"2020-10-04T00:39:03","modified_gmt":"2020-10-04T03:39:03","slug":"hace-14-anos-la-seleccion-argentina-juvenil-entrenaba-en-concordia","status":"publish","type":"post","link":"https:\/\/entreriosbasquet.com\/site\/2020\/10\/03\/hace-14-anos-la-seleccion-argentina-juvenil-entrenaba-en-concordia\/","title":{"rendered":"Hace 14 a\u00f1os la Selecci\u00f3n Argentina juvenil entrenaba en Concordia"},"content":{"rendered":"<p style=\"text-align: justify;\">Este tiempo de pandemia nos permite en <em><strong>Entre R\u00edos B\u00e1squet<\/strong><\/em> abrir el ba\u00fal de los recuerdos y continuar inmortalizando algunas historias, recorrer el pasado con im\u00e1genes y descubrir detalles de jugadores de la provincia.<\/p>\n<p style=\"text-align: justify;\">En esta oportunidad nos iremos al a\u00f1o 2006, cuando la Preselecci\u00f3n Argentina juvenil realiz\u00f3 una concentraci\u00f3n en la ciudad de Concordia en el marco de su preparaci\u00f3n para el Premundial de la categor\u00eda que se realiz\u00f3 en San Antonio, (USA).<\/p>\n<p style=\"text-align: justify;\">La llegada el combinado nacional se debi\u00f3 una gesti\u00f3n llevada adelante por directivos de la Asociaci\u00f3n de Concordia cuando el entrenador de la selecci\u00f3n mayor en ese momento, Sergio Hern\u00e1ndez, particip\u00f3 de una cl\u00ednica en Entre R\u00edos.<\/p>\n<p style=\"text-align: justify;\">En el plantel de 20 jugadores que arribaron a la Capital Nacional del Citrus hab\u00eda dos entrerrianos: El oriundo de Gualeguaych\u00fa <strong>Sebasti\u00e1n Vega<\/strong> (Central Entrerriano) y el concordiense <strong>Pablo Heit<\/strong> (Atenas de C\u00f3rdoba).<\/p>\n<p style=\"text-align: justify;\">Por aquellos d\u00edas del mes de mayo los dirigidos por Guillermo Narvarte se alojaron en las instalaciones de las termas de la ciudad y realizaron entrenamientos f\u00edsicos y deportivos en el Club Ferrocarril, la mayor\u00eda de los d\u00edas a puertas cerradas.<\/p>\n<p style=\"text-align: justify;\">\u00bfAlgunos nombres de aquella camada? Enzo Caferatta, Jonathan Machuca, Lucas Faggiano, Mat\u00edas Nocedal, Nicol\u00e1s Laur\u00eda, Phillipe Lockett, Rodrigo S\u00e1nchez, Miguel Gerlero, Maximiliano Mart\u00edn, Sebasti\u00e1n Morales, Alexis Elsener, Sebasti\u00e1n Uranga, Federico Aguerre, Nicol\u00e1s De los Santos, Diego Gerbaudo, Facundo Pi\u00f1ero, Enzo Ru\u00edz, Fabi\u00e1n Sahdi, entre otros.<\/p>\n<p style=\"text-align: justify;\">\u201cEstamos con mucha ansiedad por saber c\u00f3mo va a terminar todo esto y si tendremos un lugar en el equipo. Todo lo que uno hace en la pr\u00e1ctica, lo piensa para ver si lo hace bien o mal. De todos modos hay que estar tranquilos y mentalizarse para no tener errores en los entrenamientos y as\u00ed esperar qu\u00e9 decide el t\u00e9cnico\u201d, indic\u00f3 Seba Vega en declaraciones al <strong><em>Diario Uno<\/em><\/strong>.<\/p>\n<p style=\"text-align: justify;\">Por su parte, Heit asever\u00f3 que el Torneo de las Am\u00e9ricas \u201ces una meta importante\u201d. \u201cHay que ir sumando entrenamientos, en cada etapa se va complicando m\u00e1s pero la motivaci\u00f3n est\u00e1 porque integrar una selecci\u00f3n de 20 chicos, entre tantos que hay en el pa\u00eds, es muy importante\u201d, cerr\u00f3 el p\u00edvot que en ese momento se encontraba en conflicto para desvincularse de Atenas.<\/p>\n<p style=\"text-align: justify;\">Finalmente, tras una tercera concentraci\u00f3n, Narvarte desafect\u00f3 del preseleccionado a Pablo Heit, Eduardo Spalla y Maximiliano Tabieres. En el Premundial Argentina finaliz\u00f3 segunda tras caer en la final por 104-82 contra los Estados Unidos de\u00a0<strong><em>Michael\u00a0Beasley<\/em><\/strong> (jugador de Brooklyn Nets), <em><strong>Spencer Hawes<\/strong><\/em> (10\u00ba puesto de 1\u00aa ronda del Draft 2007 elegido por Sacramento Kings y luego jug\u00f3 10 temporadas en la NBA) y <em><strong>Jerryd Bayless<\/strong><\/em> (11 campa\u00f1as en la NBA:\u00a02018\u20132019 en Minnesota Timberwolves), entre otros.<\/p>\n","protected":false},"excerpt":{"rendered":"<p>Este tiempo de pandemia nos permite en Entre R\u00edos B\u00e1squet abrir el ba\u00fal de los recuerdos y continuar inmortalizando algunas historias, recorrer el pasado con im\u00e1genes y descubrir detalles de jugadores de la provincia. En esta oportunidad nos iremos al a\u00f1o 2006, cuando la Preselecci\u00f3n Argentina juvenil realiz\u00f3 una concentraci\u00f3n en la ciudad de Concordia [&hellip;]<\/p>\n","protected":false},"author":1,"featured_media":11061,"comment_status":"closed","ping_status":"open","sticky":false,"template":"","format":"standard","meta":[],"categories":[20],"tags":[578,577],"_links":{"self":[{"href":"https:\/\/entreriosbasquet.com\/site\/wp-json\/wp\/v2\/posts\/11060"}],"collection":[{"href":"https:\/\/entreriosbasquet.com\/site\/wp-json\/wp\/v2\/posts"}],"about":[{"href":"https:\/\/entreriosbasquet.com\/site\/wp-json\/wp\/v2\/types\/post"}],"author":[{"embeddable":true,"href":"https:\/\/entreriosbasquet.com\/site\/wp-json\/wp\/v2\/users\/1"}],"replies":[{"embeddable":true,"href":"https:\/\/entreriosbasquet.com\/site\/wp-json\/wp\/v2\/comments?post=11060"}],"version-history":[{"count":3,"href":"https:\/\/entreriosbasquet.com\/site\/wp-json\/wp\/v2\/posts\/11060\/revisions"}],"predecessor-version":[{"id":11067,"href":"https:\/\/entreriosbasquet.com\/site\/wp-json\/wp\/v2\/posts\/11060\/revisions\/11067"}],"wp:featuredmedia":[{"embeddable":true,"href":"https:\/\/entreriosbasquet.com\/site\/wp-json\/wp\/v2\/media\/11061"}],"wp:attachment":[{"href":"https:\/\/entreriosbasquet.com\/site\/wp-json\/wp\/v2\/media?parent=11060"}],"wp:term":[{"taxonomy":"category","embeddable":true,"href":"https:\/\/entreriosbasquet.com\/site\/wp-json\/wp\/v2\/categories?post=11060"},{"taxonomy":"post_tag","embeddable":true,"href":"https:\/\/entreriosbasquet.com\/site\/wp-json\/wp\/v2\/tags?post=11060"}],"curies":[{"name":"wp","href":"https:\/\/api.w.org\/{rel}","templated":true}]}}