{"id":11055,"date":"2020-10-01T17:01:37","date_gmt":"2020-10-01T20:01:37","guid":{"rendered":"http:\/\/entreriosbasquet.com\/site\/?p=11055"},"modified":"2020-10-01T17:01:37","modified_gmt":"2020-10-01T20:01:37","slug":"finalmente-facundo-muller-dirigira-en-japon","status":"publish","type":"post","link":"https:\/\/entreriosbasquet.com\/site\/2020\/10\/01\/finalmente-facundo-muller-dirigira-en-japon\/","title":{"rendered":"Finalmente Facundo M\u00fcller dirigir\u00e1 en Jap\u00f3n"},"content":{"rendered":"<p style=\"text-align: justify;\">En las \u00faltimas horas se conoci\u00f3 la noticia que el entrenador paranaense Facundo M\u00fcller continuar\u00e1 su carrera en el b\u00e1squetbol de Jap\u00f3n, espec\u00edficamente en el Velvet Shizuoka de la B3 League.<\/p>\n<p>El entrerriano hab\u00eda sido confirmado en Team Cali de Colombia pero su destino ser\u00e1 en tierras orientales. La noticia fue confirmada v\u00eda Twitter\u00a0por<a href=\"https:\/\/twitter.com\/fermartinezlar\/status\/1311505527424331776\">\u00a0el periodista Fer Mart\u00ednez Larrosa<\/a>.<\/p>\n<p>Cabe destacar que M\u00fcller en 2017 estuvo tres semanas conduciendo las pr\u00e1cticas del Seleccionado de Jap\u00f3n por recomendaci\u00f3n de Julio Lamas, DT del elenco asi\u00e1tico pero que en ese momento se encontraba en funciones en San Lorenzo de Almagro.<\/p>\n","protected":false},"excerpt":{"rendered":"<p>En las \u00faltimas horas se conoci\u00f3 la noticia que el entrenador paranaense Facundo M\u00fcller continuar\u00e1 su carrera en el b\u00e1squetbol de Jap\u00f3n, espec\u00edficamente en el Velvet Shizuoka de la B3 League. El entrerriano hab\u00eda sido confirmado en Team Cali de Colombia pero su destino ser\u00e1 en tierras orientales. La noticia fue confirmada v\u00eda Twitter\u00a0por\u00a0el periodista [&hellip;]<\/p>\n","protected":false},"author":1,"featured_media":11056,"comment_status":"closed","ping_status":"open","sticky":false,"template":"","format":"standard","meta":[],"categories":[20],"tags":[],"_links":{"self":[{"href":"https:\/\/entreriosbasquet.com\/site\/wp-json\/wp\/v2\/posts\/11055"}],"collection":[{"href":"https:\/\/entreriosbasquet.com\/site\/wp-json\/wp\/v2\/posts"}],"about":[{"href":"https:\/\/entreriosbasquet.com\/site\/wp-json\/wp\/v2\/types\/post"}],"author":[{"embeddable":true,"href":"https:\/\/entreriosbasquet.com\/site\/wp-json\/wp\/v2\/users\/1"}],"replies":[{"embeddable":true,"href":"https:\/\/entreriosbasquet.com\/site\/wp-json\/wp\/v2\/comments?post=11055"}],"version-history":[{"count":1,"href":"https:\/\/entreriosbasquet.com\/site\/wp-json\/wp\/v2\/posts\/11055\/revisions"}],"predecessor-version":[{"id":11057,"href":"https:\/\/entreriosbasquet.com\/site\/wp-json\/wp\/v2\/posts\/11055\/revisions\/11057"}],"wp:featuredmedia":[{"embeddable":true,"href":"https:\/\/entreriosbasquet.com\/site\/wp-json\/wp\/v2\/media\/11056"}],"wp:attachment":[{"href":"https:\/\/entreriosbasquet.com\/site\/wp-json\/wp\/v2\/media?parent=11055"}],"wp:term":[{"taxonomy":"category","embeddable":true,"href":"https:\/\/entreriosbasquet.com\/site\/wp-json\/wp\/v2\/categories?post=11055"},{"taxonomy":"post_tag","embeddable":true,"href":"https:\/\/entreriosbasquet.com\/site\/wp-json\/wp\/v2\/tags?post=11055"}],"curies":[{"name":"wp","href":"https:\/\/api.w.org\/{rel}","templated":true}]}}