{"id":11052,"date":"2020-10-01T12:08:32","date_gmt":"2020-10-01T15:08:32","guid":{"rendered":"http:\/\/entreriosbasquet.com\/site\/?p=11052"},"modified":"2020-10-01T12:08:32","modified_gmt":"2020-10-01T15:08:32","slug":"suarez-y-marin-seran-parte-de-los-entrenamientos-de-la-seleccion","status":"publish","type":"post","link":"https:\/\/entreriosbasquet.com\/site\/2020\/10\/01\/suarez-y-marin-seran-parte-de-los-entrenamientos-de-la-seleccion\/","title":{"rendered":"Su\u00e1rez y Mar\u00edn ser\u00e1n parte de los entrenamientos de la Selecci\u00f3n"},"content":{"rendered":"<p style=\"text-align: justify;\">El pr\u00f3ximo lunes comenzar\u00e1 a entrenarse la preselecci\u00f3n nacional de b\u00e1squetbol femenino de la categor\u00eda U-18, que se prepara para participar en el mes de diciembre en el Pre Mundial de Colombia, a realizarse en el mes de diciembre.<\/p>\n<p style=\"text-align: justify;\">Por ahora entrenar\u00e1n durante todo el mes en el microestadio del Cenard, los d\u00edas lunes, mi\u00e9rcoles y viernes con jugadoras que residan en el \u00c1rea Metropolitana de Buenos Aires. En el grupo juvenil se encuentra la oriunda de Gualeguaych\u00fa, Agustina Mar\u00edn, mientras que tambi\u00e9n estar\u00e1 practicando, pese a ser mayor, la jugadora de Concepci\u00f3n del Uruguay, Camila Su\u00e1rez. Ambas entrerrianas militan en Obras Sanitarias de la Naci\u00f3n.<\/p>\n<p style=\"text-align: justify;\">En total estar\u00e1n trabajando con el cuerpo t\u00e9cnico que encabeza Gregorio Mart\u00ednez 16 jugadoras.<\/p>\n<p style=\"text-align: justify;\">\u201cQue una Selecci\u00f3n vuelva a los entrenamientos es un hecho muy importante para el b\u00e1squet argentino, es ponernos en marcha, demostrar que la actividad est\u00e1 viva y que podemos volver a una cancha con las responsabilidades y cuidados del caso. Para estas chicas es incluso m\u00e1s valorable porque son chicas de CABA y GCBA que a\u00fan no pudieron tocar una cancha, ni siquiera al aire libre\u201d, valor\u00f3 Gregorio Mart\u00ednez.<\/p>\n<p style=\"text-align: justify;\">El DT ha venido avanzando con reuniones y entrenamientos virtuales, junto a Karina Rodr\u00edguez \u2013Directora Nacional del Femenino- y todo su staff de asistentes, preparador f\u00edsico, nutricionista, kinesi\u00f3logos y m\u00e9dicos. \u201cEstamos muy conformes con lo que hemos hecho en estas ocho semanas, con todas las limitaciones del caso, pero ya est\u00e1bamos necesitando empezar con trabajos en cancha\u201d, agreg\u00f3 el coach. \u201cEstamos felices, es todo un paso dentro de todo lo que nos toca vivir\u201d, sum\u00f3 Rodr\u00edguez, quien ha estado en toda la coordinaci\u00f3n de reuniones.<\/p>\n<p style=\"text-align: justify;\">Las 13 chicas U18 que empezar\u00e1n a entrenarse son Julia Paoletta, Giuliana Baccarelli y Agustina Mar\u00edn de Obras Sanitarias, Magal\u00ed Vilchez, Oriana Bangert y Catalina Giorgi Cormick de Centro Galicia, Fiamma Yaciura de Berazategui; Victoria Michel y Delfina Saravia de Uni\u00f3n Florida; Martina Torres Pesseggi y Georgina Buzzetti de Lan\u00fas; Natalia Tondi y Lucila Sampietro de V\u00e9lez. Las mayores son De la Barba (Quimsa), Al\u00e9 (V\u00e9lez) y Su\u00e1rez (Obras).<\/p>\n","protected":false},"excerpt":{"rendered":"<p>El pr\u00f3ximo lunes comenzar\u00e1 a entrenarse la preselecci\u00f3n nacional de b\u00e1squetbol femenino de la categor\u00eda U-18, que se prepara para participar en el mes de diciembre en el Pre Mundial de Colombia, a realizarse en el mes de diciembre. Por ahora entrenar\u00e1n durante todo el mes en el microestadio del Cenard, los d\u00edas lunes, mi\u00e9rcoles [&hellip;]<\/p>\n","protected":false},"author":1,"featured_media":11053,"comment_status":"closed","ping_status":"open","sticky":false,"template":"","format":"standard","meta":[],"categories":[21],"tags":[],"_links":{"self":[{"href":"https:\/\/entreriosbasquet.com\/site\/wp-json\/wp\/v2\/posts\/11052"}],"collection":[{"href":"https:\/\/entreriosbasquet.com\/site\/wp-json\/wp\/v2\/posts"}],"about":[{"href":"https:\/\/entreriosbasquet.com\/site\/wp-json\/wp\/v2\/types\/post"}],"author":[{"embeddable":true,"href":"https:\/\/entreriosbasquet.com\/site\/wp-json\/wp\/v2\/users\/1"}],"replies":[{"embeddable":true,"href":"https:\/\/entreriosbasquet.com\/site\/wp-json\/wp\/v2\/comments?post=11052"}],"version-history":[{"count":2,"href":"https:\/\/entreriosbasquet.com\/site\/wp-json\/wp\/v2\/posts\/11052\/revisions"}],"predecessor-version":[{"id":11059,"href":"https:\/\/entreriosbasquet.com\/site\/wp-json\/wp\/v2\/posts\/11052\/revisions\/11059"}],"wp:featuredmedia":[{"embeddable":true,"href":"https:\/\/entreriosbasquet.com\/site\/wp-json\/wp\/v2\/media\/11053"}],"wp:attachment":[{"href":"https:\/\/entreriosbasquet.com\/site\/wp-json\/wp\/v2\/media?parent=11052"}],"wp:term":[{"taxonomy":"category","embeddable":true,"href":"https:\/\/entreriosbasquet.com\/site\/wp-json\/wp\/v2\/categories?post=11052"},{"taxonomy":"post_tag","embeddable":true,"href":"https:\/\/entreriosbasquet.com\/site\/wp-json\/wp\/v2\/tags?post=11052"}],"curies":[{"name":"wp","href":"https:\/\/api.w.org\/{rel}","templated":true}]}}