{"id":10901,"date":"2020-08-18T00:12:41","date_gmt":"2020-08-18T03:12:41","guid":{"rendered":"http:\/\/entreriosbasquet.com\/site\/?p=10901"},"modified":"2020-08-20T01:46:21","modified_gmt":"2020-08-20T04:46:21","slug":"kass-la-designacion-me-produce-mucha-alegria-y-orgullo","status":"publish","type":"post","link":"https:\/\/entreriosbasquet.com\/site\/2020\/08\/18\/kass-la-designacion-me-produce-mucha-alegria-y-orgullo\/","title":{"rendered":"Kass: \u201cLa designaci\u00f3n me produce mucha alegr\u00eda y orgullo\u201d"},"content":{"rendered":"<p style=\"text-align: justify;\">Juan Marcos Kass es un entrenador es el nuevo entrenador del club Del Progreso de General Roca, R\u00edo Negro, que jugar\u00e1 la pr\u00f3xima temporada de la Liga Argentina de B\u00e1squetbol. Luego de estar algunos a\u00f1os de asistentes de Ren\u00e9 Richard, en Parque Sur; Dami\u00e1n Gamarra en La Uni\u00f3n de Col\u00f3n, y en la pasada Liga de Daniel Jaule, en Roca, le toc\u00f3 la oportunidad del gran salto en su carrera deportiva. La de ser entrenador principal de un equipo de la segunda categor\u00eda del b\u00e1squetbol argentino.<\/p>\n<p style=\"text-align: justify;\">Kass, que se form\u00f3 basquetbolisticamente hablando en la entidad de la Rep\u00fablica del Puerto Viejo, comenz\u00f3 dirigiendo divisiones inferiores destac\u00e1ndose el trabajo que realiz\u00f3 en la Almafuerte, La Uni\u00f3n de Col\u00f3n y en la entidad sure\u00f1a. Adem\u00e1s de dirigir algunas selecciones locales.<\/p>\n<p style=\"text-align: justify;\">Lo que falta definirse ahora es quienes ser\u00e1n sus colaboradores. Es intenci\u00f3n de tener gente de su confianza en el cuerpo t\u00e9cnico, teniendo en cuenta que ser\u00e1 su primera experiencia en la categor\u00eda.<\/p>\n<p style=\"text-align: justify;\">LA CALLE habl\u00f3 con Juan Marcos Kass para que nos cuente la sensaci\u00f3n que tiene por este nuevo camino que inicia y como ser\u00e1 su trabajo en lai instituci\u00f3n rionegrina.<br \/>\nKass respondi\u00f3 sobre como fue la llegada al nuevo puesto diciendo que \u201ctras la ida de Daniel Jaule a Ciclista Juninense, los directivos del club me propusieron que sea yo el que lo reemplace y contin\u00faa r con el proyecto que comenzamos el a\u00f1o pasado. Despu\u00e9s de algunas charlas junto con mi representante nos pusimos de acuerdo y acept\u00e9 estar al frente del equipo profesional y a cargo del proyecto del club, en divisiones inferiores\u201d.<\/p>\n<p style=\"text-align: justify;\">M\u00e1s adelante expres\u00f3 que \u201cme genera mucha alegr\u00eda, entusiasmo y orgullo, porque realmente uno deja un mont\u00f3n de cosas de lado durante esta carrera. Se va el hijo de la casa, pierden muchas cosas, muchos momentos y relaciones, en pos de un sue\u00f1o\u201d.<br \/>\nSobre el comienzo del trabajo manifest\u00f3 que \u201cno hay nada confirmado. Si bien hay una fecha estimativa del 1 de noviembre para el inicio de pretemporada y el 1 de diciembre para el comienzo de la Liga, no se sabe en concreto que va a pasar con esta pandemia. General Roca volvi\u00f3 el viernes a fase 1, porque est\u00e1 con muchos casos. Todo esto pone en duda cuando podr\u00e9 viajar para hacerme cargo del equipo. Pero si estamos enfocados en el armadodel equipo, en tratar de renovar con algunos jugadores de la temporada pasada y darle continuidad a eso\u201d.<\/p>\n<p style=\"text-align: justify;\">\u201cEl proyecto del club, es ser un club formador y poder tener siempre algunos jugadores de jerarqu\u00eda. La idea es seguir en ese camino. Para eso estamos trabajando en la renovaci\u00f3n de algunos jugadores de la temporada anterior. En ese sentido tengo que agradecer a los directivos del club que me dieron la libertad para elegir los jugadores que yo quer\u00eda. Para lo que viene es tratar de buscar algunos jugadores que me faltan en algunos puestos y apostar algunos juveniles de la entidad. El club quiere seguir con el trabajo de reclutamiento con fichas de U-23, U-22 y U-212, para que en el futuro sigan perteneciendo al equipo\u201d.<\/p>\n<p style=\"text-align: justify;\">\u201cLa Liga siempre ha pasado por un mont\u00f3n de altos y bajos por la situaci\u00f3n econ\u00f3mica del club. Pero siempre es competitivo. Hay equipos que se arman fuertes y que ya salieron fuertemente al mercado. Para mi la Liga va a ser muy competitiva, pero tambi\u00e9n va a ser de oportunidades. Muchos jugadores j\u00f3venes van a salir a tomar mayor protagonismo. Adem\u00e1s algunos clubes al tener presupuestos acotados, podr\u00e1n aparecer jugadores de nivel local, con menores gastos.<\/p>\n<p style=\"text-align: justify;\">Por \u00faltimo destac\u00f3 \u201cquiero agradecer y valorar mucho el aspoyo de la gente cercana, a mi familia y amigos, que me han bancado despu\u00e9s de muchos a\u00f1os de estar afuera.<\/p>\n","protected":false},"excerpt":{"rendered":"<p>Juan Marcos Kass es un entrenador es el nuevo entrenador del club Del Progreso de General Roca, R\u00edo Negro, que jugar\u00e1 la pr\u00f3xima temporada de la Liga Argentina de B\u00e1squetbol. Luego de estar algunos a\u00f1os de asistentes de Ren\u00e9 Richard, en Parque Sur; Dami\u00e1n Gamarra en La Uni\u00f3n de Col\u00f3n, y en la pasada Liga [&hellip;]<\/p>\n","protected":false},"author":1,"featured_media":10902,"comment_status":"closed","ping_status":"open","sticky":false,"template":"","format":"standard","meta":[],"categories":[11],"tags":[568,197],"_links":{"self":[{"href":"https:\/\/entreriosbasquet.com\/site\/wp-json\/wp\/v2\/posts\/10901"}],"collection":[{"href":"https:\/\/entreriosbasquet.com\/site\/wp-json\/wp\/v2\/posts"}],"about":[{"href":"https:\/\/entreriosbasquet.com\/site\/wp-json\/wp\/v2\/types\/post"}],"author":[{"embeddable":true,"href":"https:\/\/entreriosbasquet.com\/site\/wp-json\/wp\/v2\/users\/1"}],"replies":[{"embeddable":true,"href":"https:\/\/entreriosbasquet.com\/site\/wp-json\/wp\/v2\/comments?post=10901"}],"version-history":[{"count":2,"href":"https:\/\/entreriosbasquet.com\/site\/wp-json\/wp\/v2\/posts\/10901\/revisions"}],"predecessor-version":[{"id":10910,"href":"https:\/\/entreriosbasquet.com\/site\/wp-json\/wp\/v2\/posts\/10901\/revisions\/10910"}],"wp:featuredmedia":[{"embeddable":true,"href":"https:\/\/entreriosbasquet.com\/site\/wp-json\/wp\/v2\/media\/10902"}],"wp:attachment":[{"href":"https:\/\/entreriosbasquet.com\/site\/wp-json\/wp\/v2\/media?parent=10901"}],"wp:term":[{"taxonomy":"category","embeddable":true,"href":"https:\/\/entreriosbasquet.com\/site\/wp-json\/wp\/v2\/categories?post=10901"},{"taxonomy":"post_tag","embeddable":true,"href":"https:\/\/entreriosbasquet.com\/site\/wp-json\/wp\/v2\/tags?post=10901"}],"curies":[{"name":"wp","href":"https:\/\/api.w.org\/{rel}","templated":true}]}}