{"id":1079,"date":"2017-06-27T23:29:24","date_gmt":"2017-06-28T02:29:24","guid":{"rendered":"http:\/\/entreriosbasquet.com\/site\/?p=1079"},"modified":"2017-06-27T23:29:24","modified_gmt":"2017-06-28T02:29:24","slug":"parana-se-prepara-rumbo-al-entrerriano-de-mayores","status":"publish","type":"post","link":"https:\/\/entreriosbasquet.com\/site\/2017\/06\/27\/parana-se-prepara-rumbo-al-entrerriano-de-mayores\/","title":{"rendered":"Paran\u00e1 se prepara rumbo al Entrerriano de Mayores"},"content":{"rendered":"<p style=\"text-align: justify;\">El Seleccionado Mayor de la Asociaci\u00f3n Paranaense de B\u00e1squet Femenino (APBF) contin\u00faa con los entrenamientos como parte de su preparaci\u00f3n para lo que ser\u00e1 el Campeonato Entrerriano de la categor\u00eda, que lo tendr\u00e1 participando en la Zona Campeonato junto a Gualeguaych\u00fa y Concepci\u00f3n del Uruguay.<\/p>\n<p style=\"text-align: justify;\">Bajo la supervisi\u00f3n del entrenador Pablo Gonz\u00e1lez, las chicas realizaron una pr\u00e1ctica este fin de semana en el estadio del Club San Agust\u00edn. Al t\u00e9rmino de la misma, la jugadora de Talleres, Nadia Carrero, hablo con el Departamento de Prensa de la APBF y dej\u00f3 sus sensaciones respecto de la puesta a punto y las aspiraciones para el certamen federativo.<\/p>\n<p style=\"text-align: justify;\">\u00abYa hemos tenido cinco o seis entrenamientos y todav\u00eda estamos conociendo la idea de juego de Pablo. Despu\u00e9s de haber trabajo mucho los aspectos individuales, reci\u00e9n en la \u00faltima pr\u00e1ctica empezamos a hacer foco en la defensa contra cortinas, las jugadas y la t\u00e1ctica de conjunto\u00bb, expres\u00f3 la ala-p\u00edvot.<\/p>\n<p style=\"text-align: justify;\">Respecto del nuevo DT del representativo APBF, Carrero asever\u00f3: \u00abEs un entrenador que quiere que todo el tiempo estemos trabajando la mente. Tenemos que estar siempre activas en la resoluci\u00f3n de situaciones de juego y eso hace que las pr\u00e1cticas sean muy intensas. Se nota mucho sus ganas y nos las transmite\u00bb.<\/p>\n<p style=\"text-align: justify;\"><img decoding=\"async\" loading=\"lazy\" class=\"alignnone  wp-image-1081\" src=\"http:\/\/entreriosbasquet.com\/site\/wp-content\/uploads\/2017\/06\/Primera-300x170.jpeg\" alt=\"\" width=\"508\" height=\"288\" srcset=\"https:\/\/entreriosbasquet.com\/site\/wp-content\/uploads\/2017\/06\/Primera-300x170.jpeg 300w, https:\/\/entreriosbasquet.com\/site\/wp-content\/uploads\/2017\/06\/Primera-768x434.jpeg 768w, https:\/\/entreriosbasquet.com\/site\/wp-content\/uploads\/2017\/06\/Primera-1024x579.jpeg 1024w, https:\/\/entreriosbasquet.com\/site\/wp-content\/uploads\/2017\/06\/Primera-696x394.jpeg 696w, https:\/\/entreriosbasquet.com\/site\/wp-content\/uploads\/2017\/06\/Primera-743x420.jpeg 743w, https:\/\/entreriosbasquet.com\/site\/wp-content\/uploads\/2017\/06\/Primera.jpeg 1031w\" sizes=\"(max-width: 508px) 100vw, 508px\" \/><\/p>\n<p style=\"text-align: justify;\">Por otra parte, acerca del plantel, la jugadora del \u00abRojo\u00bb dijo que \u00abnos conocemos con todas las chicas de haber compartido equipo o selecciones. El grupo est\u00e1 muy bien. Se incorporaron Fernanda Gietz y Bel\u00e9n Jarupkin, que si bien hemos jugado en contra es la primera vez que las tenemos con nosotras. Sin dudas que ambas van a sumarle mucho al equipo, especialmente en el puesto de Fernanda que no tenemos demasiado material\u00bb.<\/p>\n<p style=\"text-align: justify;\">\u00abEs un formato nuevo de competencia que tiene cierto margen de error que cuando se jugaba todo en un solo d\u00eda, que si ten\u00edas una mala noche te quedabas con las manos vac\u00edas. Esta forma de juego permite corregir cosas de una fecha a otra, siempre pensando en dejar a Paran\u00e1 en lo m\u00e1s alto\u00bb, cerr\u00f3 Carrero.<\/p>\n","protected":false},"excerpt":{"rendered":"<p>El Seleccionado Mayor de la Asociaci\u00f3n Paranaense de B\u00e1squet Femenino (APBF) contin\u00faa con los entrenamientos como parte de su preparaci\u00f3n para lo que ser\u00e1 el Campeonato Entrerriano de la categor\u00eda, que lo tendr\u00e1 participando en la Zona Campeonato junto a Gualeguaych\u00fa y Concepci\u00f3n del Uruguay. Bajo la supervisi\u00f3n del entrenador Pablo Gonz\u00e1lez, las chicas realizaron [&hellip;]<\/p>\n","protected":false},"author":5,"featured_media":1080,"comment_status":"closed","ping_status":"open","sticky":false,"template":"","format":"standard","meta":[],"categories":[21],"tags":[],"_links":{"self":[{"href":"https:\/\/entreriosbasquet.com\/site\/wp-json\/wp\/v2\/posts\/1079"}],"collection":[{"href":"https:\/\/entreriosbasquet.com\/site\/wp-json\/wp\/v2\/posts"}],"about":[{"href":"https:\/\/entreriosbasquet.com\/site\/wp-json\/wp\/v2\/types\/post"}],"author":[{"embeddable":true,"href":"https:\/\/entreriosbasquet.com\/site\/wp-json\/wp\/v2\/users\/5"}],"replies":[{"embeddable":true,"href":"https:\/\/entreriosbasquet.com\/site\/wp-json\/wp\/v2\/comments?post=1079"}],"version-history":[{"count":1,"href":"https:\/\/entreriosbasquet.com\/site\/wp-json\/wp\/v2\/posts\/1079\/revisions"}],"predecessor-version":[{"id":1082,"href":"https:\/\/entreriosbasquet.com\/site\/wp-json\/wp\/v2\/posts\/1079\/revisions\/1082"}],"wp:featuredmedia":[{"embeddable":true,"href":"https:\/\/entreriosbasquet.com\/site\/wp-json\/wp\/v2\/media\/1080"}],"wp:attachment":[{"href":"https:\/\/entreriosbasquet.com\/site\/wp-json\/wp\/v2\/media?parent=1079"}],"wp:term":[{"taxonomy":"category","embeddable":true,"href":"https:\/\/entreriosbasquet.com\/site\/wp-json\/wp\/v2\/categories?post=1079"},{"taxonomy":"post_tag","embeddable":true,"href":"https:\/\/entreriosbasquet.com\/site\/wp-json\/wp\/v2\/tags?post=1079"}],"curies":[{"name":"wp","href":"https:\/\/api.w.org\/{rel}","templated":true}]}}