{"id":10776,"date":"2020-07-22T17:52:20","date_gmt":"2020-07-22T20:52:20","guid":{"rendered":"http:\/\/entreriosbasquet.com\/site\/?p=10776"},"modified":"2020-07-22T17:52:20","modified_gmt":"2020-07-22T20:52:20","slug":"el-consejo-directivo-aprobo-la-renuncia-de-carlos-alvarez","status":"publish","type":"post","link":"https:\/\/entreriosbasquet.com\/site\/2020\/07\/22\/el-consejo-directivo-aprobo-la-renuncia-de-carlos-alvarez\/","title":{"rendered":"El Consejo Directivo aprob\u00f3 la renuncia de Carlos \u00c1lvarez"},"content":{"rendered":"<p style=\"text-align: justify;\">El d\u00eda lunes 20 de julio se reuni\u00f3 de manera virtual el Consejo Directivo de la Federaci\u00f3n de B\u00e1squet de Entre R\u00edos (FBER) con el objeto de tratar, entre otros temas, la renuncia a su cargo del presidente Carlos \u00c1lvarez. La misma fue aprobada por unanimidad y de esta forma Julio Gim\u00e9nez, vicepresidente primero, quedar\u00e1 al mando de la entidad rectora del b\u00e1squet provincial.<\/p>\n<p style=\"text-align: justify;\">\u00c1lvarez, que estuvo al frente de la Federaci\u00f3n desde 1995 y durante un total de 22 a\u00f1os hasta el d\u00eda de ayer (el restante per\u00edodo de cuatro a\u00f1os acompa\u00f1\u00f3 muy de cerca los destinos de la entidad), se encontraba de licencia en el cargo desde diciembre del a\u00f1o 2019 cuando se incorpor\u00f3 a la nueva estructura directiva de la Confederaci\u00f3n Argentina (CABB).<\/p>\n<p style=\"text-align: justify;\">\u201cEl Flaco\u201d, como se lo conoce en el ambiente de nuestro deporte, hab\u00eda notificado su renuncia a la Secretar\u00eda de la FBER durante la pasada semana aduciendo cuestiones personales para la decisi\u00f3n. En la reuni\u00f3n frente a sus pares expuso su agradecimiento al Consejo Directivo y augur\u00f3 un futuro pr\u00f3spero para la entidad pese al dif\u00edcil momento socioecon\u00f3mico que se vive debido a la pandemia de coronavirus.<\/p>\n<p style=\"text-align: justify;\">Por su parte, cada uno de los miembros del Consejo agradeci\u00f3 la labor incansable, el denodado esfuerzo y el liderazgo notable de una persona que marc\u00f3 el camino y sac\u00f3 adelante a la Federaci\u00f3n en los peores momentos. Adem\u00e1s se le expres\u00f3 la gratitud por la entrega que durante m\u00e1s de dos d\u00e9cadas dedic\u00f3 al desarrollo y engrandecimiento del b\u00e1squetbol de Entre R\u00edos, concientizando a los dirigentes de las distintas regiones de nuestra provincia que la competencia federativa era la manera de llevar a todos por los chicos por igual, sean del pueblo o ciudad que sea, a elevar sus rendimientos.<\/p>\n<p style=\"text-align: justify;\">\u201cSin dudas que Carlos es el dirigente m\u00e1s importante en la historia del b\u00e1squet entrerriano y de los m\u00e1s valiosos de nuestro pa\u00eds en las \u00faltimas d\u00e9cadas. Gracias a sus condiciones consigui\u00f3 cosas que eran impensadas para Entre R\u00edos; desde ser regi\u00f3n \u00fanica, que los Seleccionados no falten a ning\u00fan Argentino, hasta un b\u00e1squet federativo que se encuentra organizado y consolidado en todos sus estamentos: Competencias deportivas, Comisi\u00f3n T\u00e9cnica, ENEBA, etc. A lo largo de los a\u00f1os mantuvo un estilo de liderazgo claro, firme y democr\u00e1tico, y siempre ser\u00e1 para nosotros un ejemplo a seguir en la dirigencia deportiva\u201d, expres\u00f3 Julio Gim\u00e9nez.<\/p>\n<p style=\"text-align: justify;\">Son innumerables los logros a lo largo de la gesti\u00f3n de Carlos \u00c1lvarez: Los representativos entrerrianos levantaron varias veces el trofeo m\u00e1ximo a nivel nacional en todas las categor\u00edas y catapult\u00f3 a la Federaci\u00f3n Provincial a ser referente y ejemplo para otras que miraban nuestro funcionamiento como espejo, lo cual se vio y se ve reflejado en nuestras distintas participaciones en Campeonatos Argentinos.<\/p>\n<p style=\"text-align: justify;\">Nadie se aleja para siempre de nuestro deporte cuando realmente lo ama, es por ello que \u201cEl Flaco\u201d seguramente ser\u00e1 consejero y colaborador de quienes conduzcan los destinos de la instituci\u00f3n madre del b\u00e1squet entrerriano o de cualquier club provincial que quiera una opini\u00f3n valedera sobre sus objetivos.<\/p>\n","protected":false},"excerpt":{"rendered":"<p>El d\u00eda lunes 20 de julio se reuni\u00f3 de manera virtual el Consejo Directivo de la Federaci\u00f3n de B\u00e1squet de Entre R\u00edos (FBER) con el objeto de tratar, entre otros temas, la renuncia a su cargo del presidente Carlos \u00c1lvarez. La misma fue aprobada por unanimidad y de esta forma Julio Gim\u00e9nez, vicepresidente primero, quedar\u00e1 [&hellip;]<\/p>\n","protected":false},"author":1,"featured_media":10777,"comment_status":"closed","ping_status":"open","sticky":false,"template":"","format":"standard","meta":[],"categories":[20],"tags":[],"_links":{"self":[{"href":"https:\/\/entreriosbasquet.com\/site\/wp-json\/wp\/v2\/posts\/10776"}],"collection":[{"href":"https:\/\/entreriosbasquet.com\/site\/wp-json\/wp\/v2\/posts"}],"about":[{"href":"https:\/\/entreriosbasquet.com\/site\/wp-json\/wp\/v2\/types\/post"}],"author":[{"embeddable":true,"href":"https:\/\/entreriosbasquet.com\/site\/wp-json\/wp\/v2\/users\/1"}],"replies":[{"embeddable":true,"href":"https:\/\/entreriosbasquet.com\/site\/wp-json\/wp\/v2\/comments?post=10776"}],"version-history":[{"count":1,"href":"https:\/\/entreriosbasquet.com\/site\/wp-json\/wp\/v2\/posts\/10776\/revisions"}],"predecessor-version":[{"id":10778,"href":"https:\/\/entreriosbasquet.com\/site\/wp-json\/wp\/v2\/posts\/10776\/revisions\/10778"}],"wp:featuredmedia":[{"embeddable":true,"href":"https:\/\/entreriosbasquet.com\/site\/wp-json\/wp\/v2\/media\/10777"}],"wp:attachment":[{"href":"https:\/\/entreriosbasquet.com\/site\/wp-json\/wp\/v2\/media?parent=10776"}],"wp:term":[{"taxonomy":"category","embeddable":true,"href":"https:\/\/entreriosbasquet.com\/site\/wp-json\/wp\/v2\/categories?post=10776"},{"taxonomy":"post_tag","embeddable":true,"href":"https:\/\/entreriosbasquet.com\/site\/wp-json\/wp\/v2\/tags?post=10776"}],"curies":[{"name":"wp","href":"https:\/\/api.w.org\/{rel}","templated":true}]}}