{"id":1064,"date":"2017-06-26T20:40:37","date_gmt":"2017-06-26T23:40:37","guid":{"rendered":"http:\/\/entreriosbasquet.com\/site\/?p=1064"},"modified":"2017-06-26T20:40:37","modified_gmt":"2017-06-26T23:40:37","slug":"diana-cabrera-sufrio-rotura-de-ligamentos-cruzados","status":"publish","type":"post","link":"https:\/\/entreriosbasquet.com\/site\/2017\/06\/26\/diana-cabrera-sufrio-rotura-de-ligamentos-cruzados\/","title":{"rendered":"Diana Cabrera sufri\u00f3 rotura de ligamentos cruzados"},"content":{"rendered":"<p style=\"text-align: justify;\">Malas noticias para la entrerriana Diana Cabrera. La p\u00edvot eliense estar\u00e1 alejada de las canchas a causa de una rotura de ligamentos cruzados de la rodilla izquierda. La lesi\u00f3n se dio en un entrenamiento con su club Uni\u00f3n Florida de Buenos Aires.<\/p>\n<p style=\"text-align: justify;\">La jugadora ex CAVE y Talleres de Paran\u00e1, de 23 a\u00f1os y 1.85 m. de estatura, se encuentra con sus familiares y en las pr\u00f3ximas horas los m\u00e9dicos definir\u00e1n los pasos a seguir respecto de la recuperaci\u00f3n, que todav\u00eda no tiene tiempo estimado.<\/p>\n<p style=\"text-align: justify;\">La entrerriana ha formado parte de los Seleccionados Argentinos de distintas categor\u00edas de forma ininterrumpida desde 2008 cuando form\u00f3 parte del plantel en el Sudamericano U15 disputado en Asunci\u00f3n del Paraguay. El a\u00f1o pasado con \u201cLas Gigantes\u201d estuvo en el Sudamericano Barquisimeto (Venezuela) y en el Repechaje Preol\u00edmpico en Nantes (Francia).<\/p>\n<p style=\"text-align: justify;\">Esta lesi\u00f3n la obliga a que no solamente se pierda lo que resta de la primera edici\u00f3n de la Liga Nacional Femenina (el Final Four se jugar\u00e1 1 y 2 de julio) sino que tambi\u00e9n le quita la chance de ganarse un lugar para jugar la Copa Am\u00e9rica para la selecci\u00f3n (del 7 al 13 de agosto en nuestro pa\u00eds).<\/p>\n","protected":false},"excerpt":{"rendered":"<p>Malas noticias para la entrerriana Diana Cabrera. La p\u00edvot eliense estar\u00e1 alejada de las canchas a causa de una rotura de ligamentos cruzados de la rodilla izquierda. La lesi\u00f3n se dio en un entrenamiento con su club Uni\u00f3n Florida de Buenos Aires. La jugadora ex CAVE y Talleres de Paran\u00e1, de 23 a\u00f1os y 1.85 [&hellip;]<\/p>\n","protected":false},"author":5,"featured_media":1065,"comment_status":"closed","ping_status":"open","sticky":false,"template":"","format":"standard","meta":[],"categories":[21],"tags":[106,63,67],"_links":{"self":[{"href":"https:\/\/entreriosbasquet.com\/site\/wp-json\/wp\/v2\/posts\/1064"}],"collection":[{"href":"https:\/\/entreriosbasquet.com\/site\/wp-json\/wp\/v2\/posts"}],"about":[{"href":"https:\/\/entreriosbasquet.com\/site\/wp-json\/wp\/v2\/types\/post"}],"author":[{"embeddable":true,"href":"https:\/\/entreriosbasquet.com\/site\/wp-json\/wp\/v2\/users\/5"}],"replies":[{"embeddable":true,"href":"https:\/\/entreriosbasquet.com\/site\/wp-json\/wp\/v2\/comments?post=1064"}],"version-history":[{"count":1,"href":"https:\/\/entreriosbasquet.com\/site\/wp-json\/wp\/v2\/posts\/1064\/revisions"}],"predecessor-version":[{"id":1066,"href":"https:\/\/entreriosbasquet.com\/site\/wp-json\/wp\/v2\/posts\/1064\/revisions\/1066"}],"wp:featuredmedia":[{"embeddable":true,"href":"https:\/\/entreriosbasquet.com\/site\/wp-json\/wp\/v2\/media\/1065"}],"wp:attachment":[{"href":"https:\/\/entreriosbasquet.com\/site\/wp-json\/wp\/v2\/media?parent=1064"}],"wp:term":[{"taxonomy":"category","embeddable":true,"href":"https:\/\/entreriosbasquet.com\/site\/wp-json\/wp\/v2\/categories?post=1064"},{"taxonomy":"post_tag","embeddable":true,"href":"https:\/\/entreriosbasquet.com\/site\/wp-json\/wp\/v2\/tags?post=1064"}],"curies":[{"name":"wp","href":"https:\/\/api.w.org\/{rel}","templated":true}]}}