{"id":1004,"date":"2017-06-21T00:09:37","date_gmt":"2017-06-21T03:09:37","guid":{"rendered":"http:\/\/entreriosbasquet.com\/site\/?p=1004"},"modified":"2017-06-21T00:09:37","modified_gmt":"2017-06-21T03:09:37","slug":"matias-solanas-estara-en-el-mundial-u19","status":"publish","type":"post","link":"https:\/\/entreriosbasquet.com\/site\/2017\/06\/21\/matias-solanas-estara-en-el-mundial-u19\/","title":{"rendered":"Mat\u00edas Solanas estar\u00e1 en el Mundial U19"},"content":{"rendered":"<p style=\"text-align: justify;\">La Selecci\u00f3n Argentina U19 tiene todo listo para su aventura en el Mundial de la categor\u00eda, que se disputar\u00e1 del 1 al 9 de julio en El Cairo, Egipto. El equipo, que se encuentra concentrado en CeNARD, ser\u00e1 dirigido por Maxi Seigorman y viajar\u00e1 el domingo 25 de junio (hay un amistoso confirmado para el 28, contra el local, Egipto). Antes, el viernes 23 y s\u00e1bado 24, jugar\u00e1 frente a Uruguay, en 9 de Julio.<\/p>\n<p style=\"text-align: justify;\">En las \u00faltimas horas, el entrenador paranaense defini\u00f3 el plantel para la cita ecum\u00e9nica y en el mismo se encuentra el entrerriano Mat\u00edas Solanas. El escolta que cerrara la temporada del TNA en La Uni\u00f3n de Col\u00f3n volver\u00e1 a vestirse de \u201cceleste y blanco\u201d despu\u00e9s de haber sido protagonista constante de las selecciones formativas en su etapa juvenil.<\/p>\n<p style=\"text-align: justify;\">El calendario de la Selecci\u00f3n ser\u00e1 intenso. Debutar\u00e1 en la competencia el mismo s\u00e1bado 1 ante Francia, luego chocar\u00e1 al d\u00eda siguiente con Corea del Sur y cerrar\u00e1 su participaci\u00f3n en el Grupo A frente a Nueva Zelanda. Vale recordar que los 16 seleccionados participantes pasar\u00e1n a la ronda de octavos de final, en la cual se enfrentar\u00e1n de forma cruzada entre los Grupos A, B, C y D (A1 \u2013 B4, A2 \u2013 B3, etc). Los ganadores de octavos avanzar\u00e1n a la ronda de cuartos, mientras que los no clasificados pasar\u00e1n a jugar los partidos por las posiciones nueve y16.<\/p>\n<p style=\"text-align: justify;\">\u201cLas expectativas son bastante claras: poner a Argentina lo m\u00e1s alto posible, pero sobre todo manteniendo la l\u00ednea de trabajo que estamos llevando adelante desde hace un tiempo en CABB en todo el \u00e1rea de formativas. Buscaremos la proyecci\u00f3n de los jugadores en los puestos que creemos que los pueden hacer trascender\u201d, manifest\u00f3 Seigorman.<\/p>\n<p style=\"text-align: justify;\">Seguidamente el paranaense ampli\u00f3: \u201cEstoy contento con el grupo que se form\u00f3, con la predisposici\u00f3n y el compromiso de todos los chicos que pasaron por el proceso de preselecci\u00f3n. Tenemos ilusi\u00f3n de hacer un buen papel. Al momento de competir intentaremos estar lo m\u00e1s alto posible, yendo paso a paso. El objetivo es lograr una identidad de juego propia, con solidez defensiva y solidaridad en ataque. Eso es lo que m\u00e1s hemos intentado recalcar durante toda nuestra preparaci\u00f3n\u201d.<\/p>\n<p style=\"text-align: justify;\">Vale recordar, que Argentina no hab\u00eda podido clasificar para este Mundial al finalizar en la quinta posici\u00f3n en el FIBA Am\u00e9ricas U18 2016 jugado en Valdivia. Pero al encontrarse Brasil suspendida y ante la cercan\u00eda de la cita, la Selecci\u00f3n ocup\u00f3 su lugar ya que era el siguiente equipo mejor ubicado en las posiciones finales del certamen disputado en Chile.<\/p>\n<p style=\"text-align: justify;\">En la \u00faltima edici\u00f3n, celebrada en Heraklion (Grecia), en 2015, el conjunto por entonces dirigido por Sebasti\u00e1n Gin\u00f3bili concluy\u00f3 en el d\u00e9cimo lugar. Previamente, en Praga, en 2013, hab\u00eda cerrado en la 12\u00aa posici\u00f3n (Nicol\u00e1s Casal\u00e1nguida el DT).<\/p>\n","protected":false},"excerpt":{"rendered":"<p>La Selecci\u00f3n Argentina U19 tiene todo listo para su aventura en el Mundial de la categor\u00eda, que se disputar\u00e1 del 1 al 9 de julio en El Cairo, Egipto. El equipo, que se encuentra concentrado en CeNARD, ser\u00e1 dirigido por Maxi Seigorman y viajar\u00e1 el domingo 25 de junio (hay un amistoso confirmado para el [&hellip;]<\/p>\n","protected":false},"author":5,"featured_media":1005,"comment_status":"closed","ping_status":"open","sticky":false,"template":"","format":"standard","meta":[],"categories":[19],"tags":[99,100,56],"_links":{"self":[{"href":"https:\/\/entreriosbasquet.com\/site\/wp-json\/wp\/v2\/posts\/1004"}],"collection":[{"href":"https:\/\/entreriosbasquet.com\/site\/wp-json\/wp\/v2\/posts"}],"about":[{"href":"https:\/\/entreriosbasquet.com\/site\/wp-json\/wp\/v2\/types\/post"}],"author":[{"embeddable":true,"href":"https:\/\/entreriosbasquet.com\/site\/wp-json\/wp\/v2\/users\/5"}],"replies":[{"embeddable":true,"href":"https:\/\/entreriosbasquet.com\/site\/wp-json\/wp\/v2\/comments?post=1004"}],"version-history":[{"count":1,"href":"https:\/\/entreriosbasquet.com\/site\/wp-json\/wp\/v2\/posts\/1004\/revisions"}],"predecessor-version":[{"id":1006,"href":"https:\/\/entreriosbasquet.com\/site\/wp-json\/wp\/v2\/posts\/1004\/revisions\/1006"}],"wp:featuredmedia":[{"embeddable":true,"href":"https:\/\/entreriosbasquet.com\/site\/wp-json\/wp\/v2\/media\/1005"}],"wp:attachment":[{"href":"https:\/\/entreriosbasquet.com\/site\/wp-json\/wp\/v2\/media?parent=1004"}],"wp:term":[{"taxonomy":"category","embeddable":true,"href":"https:\/\/entreriosbasquet.com\/site\/wp-json\/wp\/v2\/categories?post=1004"},{"taxonomy":"post_tag","embeddable":true,"href":"https:\/\/entreriosbasquet.com\/site\/wp-json\/wp\/v2\/tags?post=1004"}],"curies":[{"name":"wp","href":"https:\/\/api.w.org\/{rel}","templated":true}]}}